{"id":116633,"date":"2025-10-19T00:08:07","date_gmt":"2025-10-19T00:08:07","guid":{"rendered":"https:\/\/www.europesays.com\/pt\/116633\/"},"modified":"2025-10-19T00:08:07","modified_gmt":"2025-10-19T00:08:07","slug":"alteracao-no-resgate-de-certificados-de-aforro-vai-entrar-em-vigor-ja-a-partir-de-segunda-feira-human-resources","status":"publish","type":"post","link":"https:\/\/www.europesays.com\/pt\/116633\/","title":{"rendered":"Altera\u00e7\u00e3o no resgate de certificados de aforro vai entrar em vigor j\u00e1 a partir de segunda-feira \u2013 Human Resources"},"content":{"rendered":"<p><strong>A Ag\u00eancia de Gest\u00e3o da Tesouraria e da D\u00edvida P\u00fablica \u2013 IGCP decidiu refor\u00e7ar os procedimentos de seguran\u00e7a dos certificados de aforro, com uma nova valida\u00e7\u00e3o obrigat\u00f3ria do N\u00famero de Identifica\u00e7\u00e3o Fiscal (NIF) e do IBAN associado.<\/strong><\/p>\n<p>\u00a0<\/p>\n<p class=\"text-paragraph\">\u00abA partir de dia 20 de Outubro, ser\u00e1 implementado um novo processo de valida\u00e7\u00e3o obrigat\u00f3ria do N\u00famero de Identifica\u00e7\u00e3o Fiscal (NIF) \/ n\u00famero de conta banc\u00e1ria (IBAN) associado \u00e0s contas de aforro\u00bb, l\u00ea-se na nota do IGCP.<\/p>\n<p class=\"text-paragraph\">O objectivo \u00e9 \u00abassegurar que o NIF e IBAN pertencem efectivamente ao titular da conta, prevenindo-se situa\u00e7\u00f5es de fraude e refor\u00e7ando a integridade das opera\u00e7\u00f5es\u00bb.<\/p>\n<p class=\"text-paragraph\">Se n\u00e3o for poss\u00edvel confirmar a correspond\u00eancia entre o NIF e o IBAN registados, \u00aba conta de aforro ser\u00e1 temporariamente imobilizada, devendo os aforristas, nessa eventualidade, dirigir-se a um ponto de atendimento autorizado (lojas CTT ou Rede de Espa\u00e7os do Cidad\u00e3o divulgada no site do IGCP), e apresentar um comprovativo actualizado do IBAN\u00bb, explica a ag\u00eancia que gere a d\u00edvida p\u00fablica.<\/p>\n<p class=\"text-paragraph\">Ser\u00e3o ainda actualizados os procedimentos relativos \u00e0 abertura e movimenta\u00e7\u00e3o de contas aforro e \u00e0 gest\u00e3o dos produtos de aforro, para \u00abrefor\u00e7ar a seguran\u00e7a, transpar\u00eancia e efici\u00eancia na rela\u00e7\u00e3o com os aforristas\u00bb.<\/p>\n<p class=\"text-paragraph\">Existem medidas como maior detalhe quanto \u00e0 documenta\u00e7\u00e3o exigida para abrir contas, a clarifica\u00e7\u00e3o da documenta\u00e7\u00e3o necess\u00e1ria para resgates de produtos titulados por maiores acompanhados e a reorganiza\u00e7\u00e3o do procedimento nas transmiss\u00f5es por \u00f3bito, \u00abdistinguindo claramente os casos de titulares menores e de titulares maiores acompanhados\u00bb.<\/p>\n<p class=\"text-paragraph\">O IGCP alerta tamb\u00e9m para a import\u00e2ncia de atualizar os dados de identifica\u00e7\u00e3o pessoal, que \u00e9 \u00abindispens\u00e1vel para que se evite o risco de prescri\u00e7\u00e3o de valores \u00e0 guarda do IGCP\u00bb.<\/p>\n<p class=\"text-paragraph\">Na semana passada, o Tribunal de Contas (TdC) identificou riscos de prescri\u00e7\u00e3o de certificados de aforro e tesouro no valor de 1.174 milh\u00f5es de euros, em parte porque o IGCP n\u00e3o consegue pagar \u00e0s fam\u00edlias, por contas imobilizadas ou titulares falecidos.<\/p>\n<p class=\"text-paragraph\">Segundo o relat\u00f3rio sobre a Conta Geral do Estado (CGE) de 2024, verificou-se um \u00abaumento dos saldos \u00e0 guarda do IGCP (abrangendo um longo intervalo temporal \u2013 2005 a 2024), \u00e0 manuten\u00e7\u00e3o no stock da d\u00edvida de t\u00edtulos eventualmente prescritos (por falta de informa\u00e7\u00e3o) e outros em risco de prescri\u00e7\u00e3o\u00bb.<\/p>\n","protected":false},"excerpt":{"rendered":"A Ag\u00eancia de Gest\u00e3o da Tesouraria e da D\u00edvida P\u00fablica \u2013 IGCP decidiu refor\u00e7ar os procedimentos de seguran\u00e7a&hellip;\n","protected":false},"author":2,"featured_media":46493,"comment_status":"","ping_status":"","sticky":false,"template":"","format":"standard","meta":{"footnotes":""},"categories":[83],"tags":[88,5013,89,90,5014,619,32,33],"class_list":{"0":"post-116633","1":"post","2":"type-post","3":"status-publish","4":"format-standard","5":"has-post-thumbnail","7":"category-empresas","8":"tag-business","9":"tag-certificados-de-aforro","10":"tag-economy","11":"tag-empresas","12":"tag-igcp","13":"tag-nacional","14":"tag-portugal","15":"tag-pt"},"share_on_mastodon":{"url":"","error":""},"_links":{"self":[{"href":"https:\/\/www.europesays.com\/pt\/wp-json\/wp\/v2\/posts\/116633","targetHints":{"allow":["GET"]}}],"collection":[{"href":"https:\/\/www.europesays.com\/pt\/wp-json\/wp\/v2\/posts"}],"about":[{"href":"https:\/\/www.europesays.com\/pt\/wp-json\/wp\/v2\/types\/post"}],"author":[{"embeddable":true,"href":"https:\/\/www.europesays.com\/pt\/wp-json\/wp\/v2\/users\/2"}],"replies":[{"embeddable":true,"href":"https:\/\/www.europesays.com\/pt\/wp-json\/wp\/v2\/comments?post=116633"}],"version-history":[{"count":0,"href":"https:\/\/www.europesays.com\/pt\/wp-json\/wp\/v2\/posts\/116633\/revisions"}],"wp:featuredmedia":[{"embeddable":true,"href":"https:\/\/www.europesays.com\/pt\/wp-json\/wp\/v2\/media\/46493"}],"wp:attachment":[{"href":"https:\/\/www.europesays.com\/pt\/wp-json\/wp\/v2\/media?parent=116633"}],"wp:term":[{"taxonomy":"category","embeddable":true,"href":"https:\/\/www.europesays.com\/pt\/wp-json\/wp\/v2\/categories?post=116633"},{"taxonomy":"post_tag","embeddable":true,"href":"https:\/\/www.europesays.com\/pt\/wp-json\/wp\/v2\/tags?post=116633"}],"curies":[{"name":"wp","href":"https:\/\/api.w.org\/{rel}","templated":true}]}}