{"id":116638,"date":"2025-10-19T00:18:08","date_gmt":"2025-10-19T00:18:08","guid":{"rendered":"https:\/\/www.europesays.com\/pt\/116638\/"},"modified":"2025-10-19T00:18:08","modified_gmt":"2025-10-19T00:18:08","slug":"com-a-ajuda-de-grimaldo-bayer-leverkusen-prolonga-recorde-na-bundesliga-futebol-internacional","status":"publish","type":"post","link":"https:\/\/www.europesays.com\/pt\/116638\/","title":{"rendered":"Com a ajuda de Grimaldo, Bayer Leverkusen prolonga recorde na Bundesliga | Futebol internacional"},"content":{"rendered":"<p>Toda a \u00e9poca de 2023-24, toda a temporada de 2024-25 e os tr\u00eas jogos j\u00e1 disputados fora de portas na Bundesliga 2025-26. Neste longo per\u00edodo, o Bayer Leverkusen conseguiu (e continua a engordar a fa\u00e7anha) fixar a maior s\u00e9rie da hist\u00f3ria do campeonato alem\u00e3o sem derrotas fora de casa. Neste s\u00e1bado, na 7.\u00aa jornada, at\u00e9 sofreu tr\u00eas golos no terreno do Mainz, mas marcou quatro. Dois deles por Alejandro Grimaldo.<\/p>\n<p>Esta improv\u00e1vel sequ\u00eancia de resultados positivos longe da BayArena come\u00e7ou num long\u00ednquo 26 de Agosto de 2023, quando o Bayer se imp\u00f4s em casa do Borussia M\u00f6nchengladbach (0-3). Nessa \u00e9poca, com Xabi Alonso como treinador, o clube <a href=\"https:\/\/www.publico.pt\/2024\/04\/14\/desporto\/noticia\/xabi-alonso-colocou-ponto-final-neverkusen-2087015\" rel=\"nofollow noopener\" target=\"_blank\">sagrar-se-ia campe\u00e3o pela primeira vez<\/a> e logo sem somar qualquer derrota, completando um ano de ouro. Em 2024-25, a equipa continuou a ser competitiva mas n\u00e3o tanto como o Bayern Munique, que conquistou o t\u00edtulo, e Alonso mudou-se para o Real Madrid.<\/p>\n<p>Ainda assim, a forma\u00e7\u00e3o de Leverkusen foi consolidando \u2014 e de que forma \u2014 a capacidade de competir fora de portas, completando uma nova temporada sem desaires, o que elevou a contagem para 34 jogos consecutivos.<\/p>\n<p>E em 2025-26, a saga continua. Primeiro com Erik Ten Hag no comando \u2014 s\u00f3 durou tr\u00eas jogos mas aguentou-se em casa do Werder Bremen (3-3). Agora, com o dinamarqu\u00eas Kasper Hjulmand, que n\u00e3o perdeu nenhum dos sete jogos que j\u00e1 realizou nas diversas frentes, incluindo os dois longe de Leverkusen na Bundesliga \u2014 triunfos sobre o St. Pauli (1-2) e, agora, sobre o Mainz (3-4). Contas feitas, s\u00e3o j\u00e1 37 partidas consecutivas disputadas na condi\u00e7\u00e3o de visitante sem conhecer o sabor da derrota. Mais de dois anos.<\/p>\n<p>Neste s\u00e1bado, boa parte do cr\u00e9dito pelo prolongamento do ciclo deve ser dado a Grimaldo. O lateral espanhol marcou aos 11\u2019, de pen\u00e1lti, e aos 45+3\u2019, elevando para seis os golos nos 10 jogos de todas as provas que disputou em 2025-26. Menos do que o recorde de 12 de 2023-24, mas j\u00e1 mais do que os quatro de toda a \u00e9poca passada.<\/p>\n","protected":false},"excerpt":{"rendered":"Toda a \u00e9poca de 2023-24, toda a temporada de 2024-25 e os tr\u00eas jogos j\u00e1 disputados fora de&hellip;\n","protected":false},"author":2,"featured_media":116639,"comment_status":"","ping_status":"","sticky":false,"template":"","format":"standard","meta":{"footnotes":""},"categories":[87],"tags":[4136,135,138,17663,32,33,134],"class_list":{"0":"post-116638","1":"post","2":"type-post","3":"status-publish","4":"format-standard","5":"has-post-thumbnail","7":"category-desporto","8":"tag-bayer-leverkusen","9":"tag-desporto","10":"tag-futebol-internacional","11":"tag-liga-alema","12":"tag-portugal","13":"tag-pt","14":"tag-sports"},"share_on_mastodon":{"url":"","error":""},"_links":{"self":[{"href":"https:\/\/www.europesays.com\/pt\/wp-json\/wp\/v2\/posts\/116638","targetHints":{"allow":["GET"]}}],"collection":[{"href":"https:\/\/www.europesays.com\/pt\/wp-json\/wp\/v2\/posts"}],"about":[{"href":"https:\/\/www.europesays.com\/pt\/wp-json\/wp\/v2\/types\/post"}],"author":[{"embeddable":true,"href":"https:\/\/www.europesays.com\/pt\/wp-json\/wp\/v2\/users\/2"}],"replies":[{"embeddable":true,"href":"https:\/\/www.europesays.com\/pt\/wp-json\/wp\/v2\/comments?post=116638"}],"version-history":[{"count":0,"href":"https:\/\/www.europesays.com\/pt\/wp-json\/wp\/v2\/posts\/116638\/revisions"}],"wp:featuredmedia":[{"embeddable":true,"href":"https:\/\/www.europesays.com\/pt\/wp-json\/wp\/v2\/media\/116639"}],"wp:attachment":[{"href":"https:\/\/www.europesays.com\/pt\/wp-json\/wp\/v2\/media?parent=116638"}],"wp:term":[{"taxonomy":"category","embeddable":true,"href":"https:\/\/www.europesays.com\/pt\/wp-json\/wp\/v2\/categories?post=116638"},{"taxonomy":"post_tag","embeddable":true,"href":"https:\/\/www.europesays.com\/pt\/wp-json\/wp\/v2\/tags?post=116638"}],"curies":[{"name":"wp","href":"https:\/\/api.w.org\/{rel}","templated":true}]}}