{"id":116645,"date":"2025-10-19T00:25:20","date_gmt":"2025-10-19T00:25:20","guid":{"rendered":"https:\/\/www.europesays.com\/pt\/116645\/"},"modified":"2025-10-19T00:25:20","modified_gmt":"2025-10-19T00:25:20","slug":"protestos-contra-politicas-de-trump-nos-estados-unidos-e-tambem-em-lisboa","status":"publish","type":"post","link":"https:\/\/www.europesays.com\/pt\/116645\/","title":{"rendered":"Protestos contra pol\u00edticas de Trump nos Estados Unidos e tamb\u00e9m em Lisboa"},"content":{"rendered":"<p>&#13;<br \/>\nNos Estados Unidos, os organizadores da manifesta\u00e7\u00e3o que arrancou sob o lema &#8220;N\u00e3o h\u00e1 reis na Am\u00e9rica&#8221; deixavam a promessa de um dos maiores protestos na hist\u00f3ria do pa\u00eds.&#13;\n<\/p>\n<p>&#13;<br \/>\nOs manifestantes acusam o presidente norte-americano de autoritarismo e p\u00f5em em causa as opera\u00e7\u00f5es contra imigrantes, as promessas de uso do poder federal para influenciar as elei\u00e7\u00f5es intercalares e os novos limites \u00e0 liberdade de imprensa.&#13;\n<\/p>\n<p>&#13;<br \/>\nA onda de contesta\u00e7\u00e3o surge, tamb\u00e9m, numa altura em que tropas federais foram destacadas para cidades presididas por democratas e em pleno &#8216;shutdown&#8217; do governo norte-americano.&#13;\n<\/p>\n<p>          <img decoding=\"async\" itemprop=\"image\" class=\"img-fluid\"   src=\"https:\/\/www.europesays.com\/pt\/wp-content\/uploads\/2025\/10\/e60cabdf64557320b008d553972e0f1d_N.jpg\"\/><\/p>\n<p>&#13;<br \/>\nEm Lisboa, a concentra\u00e7\u00e3o aconteceu junto \u00e0 est\u00e1tua equestre de D. Jos\u00e9 I, onde mais de uma centena de participantes empunhavam cartazes e gritavam em coro: &#8220;No kings, no crowns&#8221; (Nem reis, nem coroas, numa tradu\u00e7\u00e3o livre).&#13;\n<\/p>\n<p>&#13;<br \/>\nUma das cidad\u00e3s presentes na manifesta\u00e7\u00e3o exibe um cartaz rodeado de cinco cravos vermelhos, onde se l\u00ea &#8220;America needs what Portugal knows &#8211; Fight for true liberation&#8221; (A Am\u00e9rica precisa o que Portugal sabe &#8211; Lutar pela verdadeira liberta\u00e7\u00e3o). &#13;\n<\/p>\n<p>&#13;<br \/>\n&#8220;Stand up, fight back when fascists attack&#8221; (Levanta-te, luta quando os fascistas atacam) \u00e9 outro dos gritos ouvidos pelos populares, ao mesmo tempo que alguns oradores pediam volunt\u00e1rios para discursar.&#13;\n<\/p>\n<p>&#8220;Estamos aqui para nos solidarizarmos com os cidad\u00e3os norte-americanos que discordam da pol\u00edtica de Trump, apesar de haver quem nos considere terroristas&#8221;, disse uma das oradoras.<\/p>\n<p>&#13;<br \/>\n&#8220;Bring back democracy (Tragam de volta a democracia) e &#8220;No Trump\/No KKK [Klu Klux Klan]\/No fascists in USA&#8221; s\u00e3o outras palavras de ordem dos participantes no protesto, organizado pelo Americans in Portugal United in\u00a0Protest\u00a0&#8211;\u00a0AMPT.&#13;\n<\/p>\n<p>&#13;<br \/>\n&#8220;Fight ignorants Not immigrants&#8221; (Combate os ignorantes, n\u00e3o os imigrantes), declarava-se num cartaz.&#13;\n<\/p>\n<p>&#13;<br \/>\nRichard Emerson, um septuagen\u00e1rio residente em Lisboa h\u00e1 30 anos, assumiu-se como independente, nas disse \u00e0 Lusa ter aderido ao protesto por o pa\u00eds onde nasceu &#8220;n\u00e3o poder continuar entregue a um fascista&#8221;.&#13;\n<\/p>\n<p>&#13;<br \/>\n&#8220;A democracia na Am\u00e9rica corre um risco muito s\u00e9rio e s\u00f3 \u00e9 poss\u00edvel derrotar as pol\u00edticas do `rei` Trump com um movimento de contesta\u00e7\u00e3o em massa a n\u00edvel nacional e internacional&#8221;.&#13;\n<\/p>\n<p>&#13;<br \/>\n\u00c9 a &#8220;\u00fanica forma&#8221;, tal como aconteceu quando se p\u00f4s fim \u00e0 guerra no Vietname&#8221;, citou a t\u00edtulo de exemplo.&#13;\n<\/p>\n<p>&#13;<br \/>\nNos Estados Unidos foram milhares de locais que acolheram os protestos daqueles que se op\u00f5em \u00e0s pol\u00edticas de Donald Trump.Espanha juntou centenas contra Trump&#13;<br \/>\n&#13;\n<\/p>\n<p>&#13;<br \/>\nTamb\u00e9m em Espanha, centenas de norte-americanos juntaram-se este s\u00e1bado em v\u00e1rias cidades para dizer &#8220;n\u00e3o&#8221; ao presidente dos Estados Unidos, que acusaram de ser &#8220;um tirano&#8221; que n\u00e3o respeita a Constitui\u00e7\u00e3o, numa mobiliza\u00e7\u00e3o foi convocada pela organiza\u00e7\u00e3o oficial do Partido Democrata no estrangeiro, Democrats Abroad.<\/p>\n<p>A ag\u00eancia de not\u00edcias espanhola EFE e outros media de Espanha apontam 300 manifestantes em Madrid, 200 em M\u00e1laga (onde foi feita a primeira convocat\u00f3ria do protesto), 200 em Barcelona e uma centena em Sevilha.<\/p>\n<p>Em v\u00e1rios discursos, cartazes, faixas e panfletos, os participantes apelaram ao voto, tamb\u00e9m a partir do estrangeiro, nas elei\u00e7\u00f5es de 4 de novembro em v\u00e1rios Estados norte-americanos para preservar a democracia norte-americana.<\/p>\n<p>Como aconteceu nos Estados Unidos ou em Portugal, tamb\u00e9m em Espanha foram contestadas as pol\u00edticas de Trump em quest\u00f5es como a imigra\u00e7\u00e3o, os direitos das pessoas LGTBI, especialmente as transexuais, ou o servi\u00e7o de sa\u00fade.<\/p>\n<p>Os protestos fizeram-se ouvir ainda noutras capitais europeias.&#13;\n<\/p>\n<p>&#13;<br \/>\nc\/ Lusa&#13;<\/p>\n","protected":false},"excerpt":{"rendered":"&#13; Nos Estados Unidos, os organizadores da manifesta\u00e7\u00e3o que arrancou sob o lema &#8220;N\u00e3o h\u00e1 reis na Am\u00e9rica&#8221;&hellip;\n","protected":false},"author":2,"featured_media":116646,"comment_status":"","ping_status":"","sticky":false,"template":"","format":"standard","meta":{"footnotes":""},"categories":[8],"tags":[27,28,15,16,14,25,26,21,22,12,27311,13,19,20,32,23,24,33,27312,17,18,2183,29,30,31,21110],"class_list":{"0":"post-116645","1":"post","2":"type-post","3":"status-publish","4":"format-standard","5":"has-post-thumbnail","7":"category-principais-noticias","8":"tag-breaking-news","9":"tag-breakingnews","10":"tag-featured-news","11":"tag-featurednews","12":"tag-headlines","13":"tag-latest-news","14":"tag-latestnews","15":"tag-main-news","16":"tag-mainnews","17":"tag-news","18":"tag-not","19":"tag-noticias","20":"tag-noticias-principais","21":"tag-noticiasprincipais","22":"tag-portugal","23":"tag-principais-noticias","24":"tag-principaisnoticias","25":"tag-pt","26":"tag-questionada","27":"tag-top-stories","28":"tag-topstories","29":"tag-trump","30":"tag-ultimas","31":"tag-ultimas-noticias","32":"tag-ultimasnoticias","33":"tag-united"},"share_on_mastodon":{"url":"","error":""},"_links":{"self":[{"href":"https:\/\/www.europesays.com\/pt\/wp-json\/wp\/v2\/posts\/116645","targetHints":{"allow":["GET"]}}],"collection":[{"href":"https:\/\/www.europesays.com\/pt\/wp-json\/wp\/v2\/posts"}],"about":[{"href":"https:\/\/www.europesays.com\/pt\/wp-json\/wp\/v2\/types\/post"}],"author":[{"embeddable":true,"href":"https:\/\/www.europesays.com\/pt\/wp-json\/wp\/v2\/users\/2"}],"replies":[{"embeddable":true,"href":"https:\/\/www.europesays.com\/pt\/wp-json\/wp\/v2\/comments?post=116645"}],"version-history":[{"count":0,"href":"https:\/\/www.europesays.com\/pt\/wp-json\/wp\/v2\/posts\/116645\/revisions"}],"wp:featuredmedia":[{"embeddable":true,"href":"https:\/\/www.europesays.com\/pt\/wp-json\/wp\/v2\/media\/116646"}],"wp:attachment":[{"href":"https:\/\/www.europesays.com\/pt\/wp-json\/wp\/v2\/media?parent=116645"}],"wp:term":[{"taxonomy":"category","embeddable":true,"href":"https:\/\/www.europesays.com\/pt\/wp-json\/wp\/v2\/categories?post=116645"},{"taxonomy":"post_tag","embeddable":true,"href":"https:\/\/www.europesays.com\/pt\/wp-json\/wp\/v2\/tags?post=116645"}],"curies":[{"name":"wp","href":"https:\/\/api.w.org\/{rel}","templated":true}]}}