{"id":116656,"date":"2025-10-19T00:39:53","date_gmt":"2025-10-19T00:39:53","guid":{"rendered":"https:\/\/www.europesays.com\/pt\/116656\/"},"modified":"2025-10-19T00:39:53","modified_gmt":"2025-10-19T00:39:53","slug":"liliana-e-fabio-fazem-sinal-de-consentimento-no-dia-de-aniversario-do-ze","status":"publish","type":"post","link":"https:\/\/www.europesays.com\/pt\/116656\/","title":{"rendered":"Liliana e F\u00e1bio fazem sinal de consentimento no dia de anivers\u00e1rio do Z\u00e9"},"content":{"rendered":"<p>\t\t\t\t\t\t\t\t\t\t\t\t<a href=\"#\" onclick=\"window.open('http:\/\/www.facebook.com\/sharer.php?u=https:\/\/cusquices.com\/liliana-e-fabio-fazem-sinal-de-consentimento-no-dia-de-aniversario-do-ze\/&amp;t=Liliana e F\u00e1bio fazem sinal de consentimento no dia de anivers\u00e1rio do Z\u00e9', 'facebookShare', 'width=626,height=436'); return false;\" title=\"Share on Facebook\"><\/p>\n<p>Share<\/p>\n<p><\/a><br \/>\n\t\t\t\t\t\t\t\t\t\t\t\t<a href=\"#\" onclick=\"window.open('http:\/\/twitter.com\/share?text=Liliana e F\u00e1bio fazem sinal de consentimento no dia de anivers\u00e1rio do Z\u00e9 -&amp;url=https:\/\/cusquices.com\/liliana-e-fabio-fazem-sinal-de-consentimento-no-dia-de-aniversario-do-ze\/', 'twitterShare', 'width=626,height=436'); return false;\" title=\"Tweet This Post\"><\/p>\n<p>Tweet<\/p>\n<p><\/a><br \/>\n\t\t\t\t\t\t\t\t\t\t\t\t<a href=\"whatsapp:\/\/send?text=Liliana e F\u00e1bio fazem sinal de consentimento no dia de anivers\u00e1rio do Z\u00e9 https:\/\/cusquices.com\/liliana-e-fabio-fazem-sinal-de-consentimento-no-dia-de-aniversario-do-ze\/\" rel=\"nofollow\"><\/p>\n<p>Share<\/p>\n<p><\/a><br \/>\n\t\t\t\t\t\t\t\t\t\t\t\t<a href=\"#\" onclick=\"window.open('http:\/\/pinterest.com\/pin\/create\/button\/?url=https:\/\/cusquices.com\/liliana-e-fabio-fazem-sinal-de-consentimento-no-dia-de-aniversario-do-ze\/&amp;media=https:\/\/cusquices.com\/wp-content\/uploads\/2025\/10\/fabioliliana-1000x600.jpg&amp;description=Liliana e F\u00e1bio fazem sinal de consentimento no dia de anivers\u00e1rio do Z\u00e9', 'pinterestShare', 'width=750,height=350'); return false;\" title=\"Pin This Post\"><\/p>\n<p>Share<\/p>\n<p><\/a><br \/>\n\t\t\t\t\t\t\t\t\t\t\t\t<a href=\"mailto:?subject=Liliana e F\u00e1bio fazem sinal de consentimento no dia de anivers\u00e1rio do Z\u00e9&amp;BODY=I found this article interesting and thought of sharing it with you. Check it out: https:\/\/cusquices.com\/liliana-e-fabio-fazem-sinal-de-consentimento-no-dia-de-aniversario-do-ze\/\"><\/p>\n<p>Email<\/p>\n<p><\/a><br \/>\n\t\t\t\t\t\t\t\t\t\t\t\t\t\t\t\t\t\t\t\t\t\t\t\t\t\t\t\t\t\t\t\t\t\t\t\t\t\t\t\t\t\t\t\t\t\t\t\t\t\t\t\t\t<a href=\"https:\/\/cusquices.com\/liliana-e-fabio-fazem-sinal-de-consentimento-no-dia-de-aniversario-do-ze\/#respond\" rel=\"nofollow noopener\" target=\"_blank\"><\/p>\n<p>Liliana e F\u00e1bio fizeram sinal de consentimento.<\/p>\n<p><strong>Liliana<\/strong> e <strong>F\u00e1bio<\/strong> est\u00e3o cada vez mais c\u00famplices e n\u00e3o conseguem esconder os sentimentos que nutrem um pelo outro. Esta sexta-feira, 17 de outubro, Liliana mostrou-se preocupada e deixou no ar que algo \u00edntimo aconteceu entre ela e F\u00e1bio. <\/p>\n<p>\u201c<strong>Eu fa\u00e7o as coisas e depois arrependo-me. Eu s\u00f3 pe\u00e7o que n\u00e3o passem as imagens e, se calhar, a Voz disse que aquilo era para a c\u00e2mara virar<\/strong>\u201c, disse Liliana, visivelmente preocupada. <\/p>\n<p>A verdade, \u00e9 que o ambiente aqueceu e <strong>F\u00e1bio<\/strong> e <strong>Liliana<\/strong> chegaram a fazer o sinal de consentimento.  <\/p>\n<p>No <strong>Extra, Marta Cardoso <\/strong>explicou que o sinal de consentimento \u00e9 pedido quando a VOZ se apercebe que o ambiente entre o casal est\u00e1 a aquecer. Ap\u00f3s o sinal de consentimento a produ\u00e7\u00e3o vira as c\u00e2maras mas mant\u00e9m-se os microfones ligados.<\/p>\n<p>Coincid\u00eancia ou n\u00e3o, o ambiente aqueceu entre <strong>F\u00e1bio<\/strong> e <strong>Liliana<\/strong> precisamente no mesmo dia que Z\u00e9, ex-noivo da concorrente, celebrava o seu anivers\u00e1rio. O pormenor n\u00e3o passou despercebido e chovem novamente cr\u00edticas \u00e0 psic\u00f3loga. <\/p>\n<p>Pode ver o momento <a href=\"https:\/\/tvi.iol.pt\/secretstory\/videos\/liliana-e-fabio-foram-longe-demais-durante-a-noite-eu-so-nao-peco-que-passem-as-imagens\/68f229ec0cf285ab53a62e4c\" target=\"_blank\" rel=\"noreferrer noopener nofollow\">aqui<\/a> e <a href=\"https:\/\/tvi.iol.pt\/secretstory\/videos\/marta-cardoso-explica-ao-pormenor-o-que-se-passou-na-noite-quente-de-fabio-e-liliana\/68f35b320cf285ab53a69978\" target=\"_blank\" rel=\"noreferrer noopener nofollow\">aqui. <\/a><\/p>\n<p>\t\t\t\t\t\t\t\t\t\t\t\t\t\t\t\t\t\t\t\t\t\t\t\t\t<img decoding=\"async\" src=\"https:\/\/www.europesays.com\/pt\/wp-content\/uploads\/2025\/10\/cusquices-logo-52x.png\" class=\"webpexpress-processed\"\/><\/p>\n<p>\t\t\t\t\t\t\t\t\t\t\t\t\t\t\t\t\t\t\t\t\t            \t\t\t\t\t\t\t\t\t\t\t\t\t\t\t\t\t\t\t\t\t\t\t\t\t\t\t\t\t\t\t\t\t\t\t\t\t\t\t<script async src=\"https:\/\/platform.twitter.com\/widgets.js\" charset=\"utf-8\"><\/script><\/p>\n","protected":false},"excerpt":{"rendered":"Share Tweet Share Share Email Liliana e F\u00e1bio fizeram sinal de consentimento. Liliana e F\u00e1bio est\u00e3o cada vez&hellip;\n","protected":false},"author":2,"featured_media":104079,"comment_status":"","ping_status":"","sticky":false,"template":"","format":"standard","meta":{"footnotes":""},"categories":[8],"tags":[27,28,2632,49,19082,15,16,14,25,26,19016,21,22,12,13,19,20,32,23,24,33,17,18,29,30,31],"class_list":{"0":"post-116656","1":"post","2":"type-post","3":"status-publish","4":"format-standard","5":"has-post-thumbnail","7":"category-principais-noticias","8":"tag-breaking-news","9":"tag-breakingnews","10":"tag-casa-dos-segredos","11":"tag-destaques","12":"tag-fabio","13":"tag-featured-news","14":"tag-featurednews","15":"tag-headlines","16":"tag-latest-news","17":"tag-latestnews","18":"tag-liliana","19":"tag-main-news","20":"tag-mainnews","21":"tag-news","22":"tag-noticias","23":"tag-noticias-principais","24":"tag-noticiasprincipais","25":"tag-portugal","26":"tag-principais-noticias","27":"tag-principaisnoticias","28":"tag-pt","29":"tag-top-stories","30":"tag-topstories","31":"tag-ultimas","32":"tag-ultimas-noticias","33":"tag-ultimasnoticias"},"share_on_mastodon":{"url":"","error":""},"_links":{"self":[{"href":"https:\/\/www.europesays.com\/pt\/wp-json\/wp\/v2\/posts\/116656","targetHints":{"allow":["GET"]}}],"collection":[{"href":"https:\/\/www.europesays.com\/pt\/wp-json\/wp\/v2\/posts"}],"about":[{"href":"https:\/\/www.europesays.com\/pt\/wp-json\/wp\/v2\/types\/post"}],"author":[{"embeddable":true,"href":"https:\/\/www.europesays.com\/pt\/wp-json\/wp\/v2\/users\/2"}],"replies":[{"embeddable":true,"href":"https:\/\/www.europesays.com\/pt\/wp-json\/wp\/v2\/comments?post=116656"}],"version-history":[{"count":0,"href":"https:\/\/www.europesays.com\/pt\/wp-json\/wp\/v2\/posts\/116656\/revisions"}],"wp:featuredmedia":[{"embeddable":true,"href":"https:\/\/www.europesays.com\/pt\/wp-json\/wp\/v2\/media\/104079"}],"wp:attachment":[{"href":"https:\/\/www.europesays.com\/pt\/wp-json\/wp\/v2\/media?parent=116656"}],"wp:term":[{"taxonomy":"category","embeddable":true,"href":"https:\/\/www.europesays.com\/pt\/wp-json\/wp\/v2\/categories?post=116656"},{"taxonomy":"post_tag","embeddable":true,"href":"https:\/\/www.europesays.com\/pt\/wp-json\/wp\/v2\/tags?post=116656"}],"curies":[{"name":"wp","href":"https:\/\/api.w.org\/{rel}","templated":true}]}}