{"id":116661,"date":"2025-10-19T00:46:13","date_gmt":"2025-10-19T00:46:13","guid":{"rendered":"https:\/\/www.europesays.com\/pt\/116661\/"},"modified":"2025-10-19T00:46:13","modified_gmt":"2025-10-19T00:46:13","slug":"video-ex-benfica-marca-de-bicicleta-mas-barca-vence-com-golo-aos-903","status":"publish","type":"post","link":"https:\/\/www.europesays.com\/pt\/116661\/","title":{"rendered":"V\u00cdDEO: ex-Benfica marca de bicicleta, mas Bar\u00e7a vence com golo aos 90+3"},"content":{"rendered":"<p style=\"margin-bottom:11px\">Vindo de duas derrotas consecutivas, o Barcelona voltou a sentir muitas dificuldades, mas, gra\u00e7as a um golo apontado j\u00e1 em tempo de compensa\u00e7\u00e3o, <a href=\"https:\/\/maisfutebol.iol.pt\/jogo\/barcelona\/girona\/13827119\" target=\"_blank\" rel=\"nofollow noopener\"><strong>venceu na rece\u00e7\u00e3o ao Girona, por 2-1, em jogo da nona jornada do campeonato espanhol<\/strong><\/a>.<\/p>\n<p>Lamine Yamal recuperou a tempo da partida e entrou diretamente para o onze. O jovem extremo espanhol assistiu Pedri, aos 13 minutos, para o 1-0. O m\u00e9dio recebeu a bola na \u00e1rea e fez quase tudo sozinho, at\u00e9 finalizar com um remate colocado.<\/p>\n<p>No entanto, o Girona reagiu e reentrou no d\u00e9rbi da Catalunha em cima do minuto 20, com um golo acrob\u00e1tico do ex-Benfica Axel Witsel.<\/p>\n<p>Os visitantes tiveram as melhores oportunidades e podiam ter completado a reviravolta antes do intervalo, mas sem sucesso.<\/p>\n<p>Na segunda parte, o Bar\u00e7a tomou conta do jogo, mas, \u00e0 medida que os minutos iam passando, aumentava o nervosismo. Hansi Flick at\u00e9 foi expulso por reclamar com os quatro minutos de descontos dados pelo \u00e1rbitro \u2013 vai falhar o cl\u00e1ssico com o Real Madrid \u2013 e j\u00e1 nem viu o golo da vit\u00f3ria.<\/p>\n<p>O 2-1 chegou aos 93 minutos, com uma finaliza\u00e7\u00e3o na \u00e1rea de Ronaldo Ara\u00fajo, \u00e0 ponta de lan\u00e7a.<\/p>\n<p>Com esta vit\u00f3ria suada, o Barcelona sobe, \u00e0 condi\u00e7\u00e3o, \u00e0 lideran\u00e7a da Liga espanhola, com 22 pontos, apenas mais um do que o Real Madrid, que no domingo visita o Getafe.<\/p>\n<p>O Girona continua numa zona de aflitos, no pen\u00faltimo lugar.<\/p>\n<p>Tamb\u00e9m na tarde deste s\u00e1bado, o Maiorca, com Samu Costa a titular, foi ao Ram\u00f3n S\u00e1nchez Pizju\u00e1n vencer o Sevilha, com F\u00e1bio Cardoso no banco, por <a href=\"https:\/\/maisfutebol.iol.pt\/jogo\/sevilla\/maiorca\/13827112\" target=\"_blank\" rel=\"nofollow noopener\"><strong>3-1<\/strong><\/a>.<\/p>\n","protected":false},"excerpt":{"rendered":"Vindo de duas derrotas consecutivas, o Barcelona voltou a sentir muitas dificuldades, mas, gra\u00e7as a um golo apontado&hellip;\n","protected":false},"author":2,"featured_media":116662,"comment_status":"","ping_status":"","sticky":false,"template":"","format":"standard","meta":{"footnotes":""},"categories":[87],"tags":[1235,135,640,591,82,10504,46,32,33,47,527,8484,5434,5920,5620,134],"class_list":{"0":"post-116661","1":"post","2":"type-post","3":"status-publish","4":"format-standard","5":"has-post-thumbnail","7":"category-desporto","8":"tag-barcelona","9":"tag-desporto","10":"tag-espanha","11":"tag-girona","12":"tag-internacional","13":"tag-maiorca","14":"tag-maisfutebol","15":"tag-portugal","16":"tag-pt","17":"tag-pura-paixao","18":"tag-resultados","19":"tag-resultados-de-hoje","20":"tag-resultados-hoje","21":"tag-resultados-maisfutebol","22":"tag-sevilha","23":"tag-sports"},"share_on_mastodon":{"url":"","error":""},"_links":{"self":[{"href":"https:\/\/www.europesays.com\/pt\/wp-json\/wp\/v2\/posts\/116661","targetHints":{"allow":["GET"]}}],"collection":[{"href":"https:\/\/www.europesays.com\/pt\/wp-json\/wp\/v2\/posts"}],"about":[{"href":"https:\/\/www.europesays.com\/pt\/wp-json\/wp\/v2\/types\/post"}],"author":[{"embeddable":true,"href":"https:\/\/www.europesays.com\/pt\/wp-json\/wp\/v2\/users\/2"}],"replies":[{"embeddable":true,"href":"https:\/\/www.europesays.com\/pt\/wp-json\/wp\/v2\/comments?post=116661"}],"version-history":[{"count":0,"href":"https:\/\/www.europesays.com\/pt\/wp-json\/wp\/v2\/posts\/116661\/revisions"}],"wp:featuredmedia":[{"embeddable":true,"href":"https:\/\/www.europesays.com\/pt\/wp-json\/wp\/v2\/media\/116662"}],"wp:attachment":[{"href":"https:\/\/www.europesays.com\/pt\/wp-json\/wp\/v2\/media?parent=116661"}],"wp:term":[{"taxonomy":"category","embeddable":true,"href":"https:\/\/www.europesays.com\/pt\/wp-json\/wp\/v2\/categories?post=116661"},{"taxonomy":"post_tag","embeddable":true,"href":"https:\/\/www.europesays.com\/pt\/wp-json\/wp\/v2\/tags?post=116661"}],"curies":[{"name":"wp","href":"https:\/\/api.w.org\/{rel}","templated":true}]}}