{"id":116665,"date":"2025-10-19T00:53:25","date_gmt":"2025-10-19T00:53:25","guid":{"rendered":"https:\/\/www.europesays.com\/pt\/116665\/"},"modified":"2025-10-19T00:53:25","modified_gmt":"2025-10-19T00:53:25","slug":"hamas-pede-tempo-para-encontrar-corpos-de-refens-ha-escavacoes-a-decorrer","status":"publish","type":"post","link":"https:\/\/www.europesays.com\/pt\/116665\/","title":{"rendered":"Hamas pede tempo para encontrar corpos de ref\u00e9ns. H\u00e1 escava\u00e7\u00f5es a decorrer"},"content":{"rendered":"<p>Insistindo que quer cumprir a sua parte do acordo no que concerne \u00e0 devolu\u00e7\u00e3o dos cad\u00e1veres, na sexta-feira \u00e0 noite, foi entregue mais um corpo e as ag\u00eancias internacionais divulgaram imagens que mostram maquinaria pesada, naquilo que parecem ser escava\u00e7\u00f5es \u00e0 procura dos ref\u00e9ns. Acusado por Israel de violar os termos da tr\u00e9gua implementada a 10 de outubro, o Hamas pediu mais tempo. &#8220;O processo de restitui\u00e7\u00e3o dos corpos dos prisioneiros israelitas pode levar algum tempo&#8221;, anunciou no Telegram o grupo, que governa Gaza desde 2007.<\/p>\n<p data-remotead-prev-elm=\"true\" data-remotead-elm-id=\"inread\">No comunicado, o Hamas reiterou o &#8220;compromisso&#8221; com o cessar-fogo e a devolu\u00e7\u00e3o dos restos mortais, mas afirmou que recuperar os corpos restantes requer equipamentos especiais. A Turquia enviou uma equipa de especialistas em buscas de corpos em zonas de desastre para ajudar a localizar os ref\u00e9ns, mas permanecem na fronteira eg\u00edpcia, enquanto aguardam autoriza\u00e7\u00e3o israelita para entrar em Gaza. A equipa de 81 profissionais possui ferramentas especializadas e c\u00e3es treinados para procurar corpos. Uma fonte do Hamas disse \u00e0 AFP esperar que a equipa turca entre em Gaza ainda hoje, quando est\u00e1 prevista a abertura da passagem de fronteira.<\/p>\n<p>Apesar de ter deixado uma amea\u00e7a no ar, devido \u00e0s execu\u00e7\u00f5es que o Hamas tem conduzido para reconquistar o controlo do territ\u00f3rio, Donald Trump parece confiar na palavra do grupo e estar a tentar que Israel n\u00e3o volte atr\u00e1s no processo de cessar-fogo. &#8220;\u00c9 um processo macabro [&#8230;] mas est\u00e3o a cavar, a cavar de verdade&#8221; e &#8220;encontram muitos corpos&#8221;, afirmou na \u00faltima semana. A Defesa Civil de Gaza, sob a autoridade de Hamas, informou que foram recuperados mais de 280 corpos, n\u00e3o apenas de israelitas, entre os escombros desde o in\u00edcio do cessar-fogo.<\/p>\n<p data-remotead-prev-elm=\"true\" data-remotead-elm-id=\"centro1\">O Minist\u00e9rio da Sa\u00fade palestiniano anunciou hoje tamb\u00e9m ter recebido 15 cad\u00e1veres que estavam detidos em Israel, no \u00e2mbito do acordo de cessar-fogo em Gaza, sublinhando que os corpos mostram sinais de &#8220;abusos e espancamentos&#8221;. &#8220;O Minist\u00e9rio da Sa\u00fade [de Gaza] anuncia a rece\u00e7\u00e3o de 15 corpos de m\u00e1rtires libertados hoje pela ocupa\u00e7\u00e3o israelita e pela Cruz Vermelha, elevando o n\u00famero total de corpos recebidos para 135&#8221;, informou o Governo palestiniano, controlado pelo grupo islamita Hamas, em comunicado.<\/p>\n<p><img decoding=\"async\" class=\"ngx-body\" guid=\"a6de4914-8384-4500-99c0-0f8a258d6985\" src=\"https:\/\/www.europesays.com\/pt\/wp-content\/uploads\/2025\/10\/1760835205_338_image.jpg\" width=\"100%\"\/><\/p>\n<p><strong>Israel mata nove pessoas que procuravam a casa<\/strong><\/p>\n<p data-remotead-prev-elm=\"true\" data-remotead-elm-id=\"centro2\">As for\u00e7as israelitas mataram nove membros de uma \u00fanica fam\u00edlia palestiniana ao disparar contra um autocarro, na sexta-feira, em que seguiam para procurar a casa onde viviam antes de serem obrigados a sair, devido \u00e0 invas\u00e3o israelita. Os militares confirmaram que tinham como alvo um ve\u00edculo que cruzou a chamada &#8220;linha amarela&#8221;.<\/p>\n<p>&#8220;As equipas de defesa civil conseguiram recuperar nove corpos ap\u00f3s o ataque da ocupa\u00e7\u00e3o israelita a um autocarro que transportava pessoas deslocadas a leste do bairro de Zeitun&#8221;, disse \u00e0 AFP Mahmud Bassal, porta-voz da ag\u00eancia de Defesa Civil, que opera sob a autoridade do Hamas, neste s\u00e1bado. Segundo Bassal, as v\u00edtimas pertenciam \u00e0 fam\u00edlia Abu Shabaan e foram mortas quando &#8220;tentavam ir ver a sua casa&#8221; no bairro de Zeitun. V\u00e1rios habitantes de Gaza que falaram com a AFP disseram que n\u00e3o conseguiam localizar as suas casas &#8211; ou mesmo pontos de refer\u00eancia familiares &#8211; em bairros agora enterrados sob os escombros de edif\u00edcios desmoronados e detritos.<\/p>\n<p data-remotead-prev-elm=\"true\" data-remotead-elm-id=\"centro3\">O ex\u00e9rcito israelita disse que foi identificado um ve\u00edculo a atravessar a &#8220;linha amarela&#8221;, a fronteira atr\u00e1s da qual as tropas israelitas est\u00e3o estacionadas ao abrigo do acordo de cessar-fogo com o Hamas. &#8220;As tropas dispararam tiros de advert\u00eancia contra o ve\u00edculo suspeito, mas o ve\u00edculo continuou a aproximar-se das tropas de uma forma que causou uma amea\u00e7a iminente&#8221;, explica um comunicado. &#8220;As tropas abriram fogo para eliminar a amea\u00e7a, em conformidade com o acordo&#8221;.<\/p>\n<p>O cessar-fogo entre as for\u00e7as israelitas e o Hamas est\u00e1 na segunda semana, mas foram registados v\u00e1rios incidentes desde o seu in\u00edcio, com os militares a afirmarem que as suas tropas dispararam contra indiv\u00edduos que se aproximaram ou atravessaram a &#8220;linha amarela&#8221;. Centenas de milhares de palestinianos regressaram ao norte de Gaza em busca das casas desde o in\u00edcio do cessar-fogo, muitas vezes com dificuldades em encontr\u00e1-las no meio da vasta devasta\u00e7\u00e3o deixada por mais de dois anos de guerra.<\/p>\n","protected":false},"excerpt":{"rendered":"Insistindo que quer cumprir a sua parte do acordo no que concerne \u00e0 devolu\u00e7\u00e3o dos cad\u00e1veres, na sexta-feira&hellip;\n","protected":false},"author":2,"featured_media":116666,"comment_status":"","ping_status":"","sticky":false,"template":"","format":"standard","meta":{"footnotes":""},"categories":[8],"tags":[27,28,256,257,15,16,532,14,25,26,21,22,432,62,12,13,19,20,32,23,24,33,17,18,29,30,31],"class_list":{"0":"post-116665","1":"post","2":"type-post","3":"status-publish","4":"format-standard","5":"has-post-thumbnail","7":"category-principais-noticias","8":"tag-breaking-news","9":"tag-breakingnews","10":"tag-cessar-fogo","11":"tag-faixa-de-gaza","12":"tag-featured-news","13":"tag-featurednews","14":"tag-gaza","15":"tag-headlines","16":"tag-latest-news","17":"tag-latestnews","18":"tag-main-news","19":"tag-mainnews","20":"tag-medio-oriente","21":"tag-mundo","22":"tag-news","23":"tag-noticias","24":"tag-noticias-principais","25":"tag-noticiasprincipais","26":"tag-portugal","27":"tag-principais-noticias","28":"tag-principaisnoticias","29":"tag-pt","30":"tag-top-stories","31":"tag-topstories","32":"tag-ultimas","33":"tag-ultimas-noticias","34":"tag-ultimasnoticias"},"share_on_mastodon":{"url":"","error":""},"_links":{"self":[{"href":"https:\/\/www.europesays.com\/pt\/wp-json\/wp\/v2\/posts\/116665","targetHints":{"allow":["GET"]}}],"collection":[{"href":"https:\/\/www.europesays.com\/pt\/wp-json\/wp\/v2\/posts"}],"about":[{"href":"https:\/\/www.europesays.com\/pt\/wp-json\/wp\/v2\/types\/post"}],"author":[{"embeddable":true,"href":"https:\/\/www.europesays.com\/pt\/wp-json\/wp\/v2\/users\/2"}],"replies":[{"embeddable":true,"href":"https:\/\/www.europesays.com\/pt\/wp-json\/wp\/v2\/comments?post=116665"}],"version-history":[{"count":0,"href":"https:\/\/www.europesays.com\/pt\/wp-json\/wp\/v2\/posts\/116665\/revisions"}],"wp:featuredmedia":[{"embeddable":true,"href":"https:\/\/www.europesays.com\/pt\/wp-json\/wp\/v2\/media\/116666"}],"wp:attachment":[{"href":"https:\/\/www.europesays.com\/pt\/wp-json\/wp\/v2\/media?parent=116665"}],"wp:term":[{"taxonomy":"category","embeddable":true,"href":"https:\/\/www.europesays.com\/pt\/wp-json\/wp\/v2\/categories?post=116665"},{"taxonomy":"post_tag","embeddable":true,"href":"https:\/\/www.europesays.com\/pt\/wp-json\/wp\/v2\/tags?post=116665"}],"curies":[{"name":"wp","href":"https:\/\/api.w.org\/{rel}","templated":true}]}}