{"id":116667,"date":"2025-10-19T00:54:08","date_gmt":"2025-10-19T00:54:08","guid":{"rendered":"https:\/\/www.europesays.com\/pt\/116667\/"},"modified":"2025-10-19T00:54:08","modified_gmt":"2025-10-19T00:54:08","slug":"sbt-tv-tata-werneck-se-diverte-apos-ser-confundida-com-tata-estaniecki-eu-to-casada","status":"publish","type":"post","link":"https:\/\/www.europesays.com\/pt\/116667\/","title":{"rendered":"SBT TV | Tat\u00e1 Werneck se diverte ap\u00f3s ser confundida com Tata Estaniecki: \\&#8221;Eu t\u00f4 casada\\&#8221;"},"content":{"rendered":"<p><strong>Tat\u00e1 Werneck<\/strong> precisou se pronunciar nas redes sociais ap\u00f3s ser confundida com a influenciadora <strong>Tata Estaniecki<\/strong>, que anunciou o fim do casamento com <strong>J\u00falio Cocielo<\/strong>. A apresentadora da Globo virou um dos assuntos mais comentados do <strong>X<\/strong> (antigo Twitter) e decidiu esclarecer a situa\u00e7\u00e3o de forma bem-humorada: &#8220;Eu t\u00f4 casada, amigos. A Tata que se separou \u00e9 outra&#8221;.<\/p>\n<p>Com seu estilo caracter\u00edstico, Tat\u00e1 brincou com a confus\u00e3o e contou que foi &#8220;mandada pra casa do car***&#8221; sem nem entender o motivo. &#8220;Eu estava apenas trabalhando como uma jovem senhora donzela estressada&#8221;, ironizou. A artista \u00e9 casada com o ator Rafa Vitti, com quem tem uma filha, Clara Maria, e garantiu que segue tudo bem entre eles.<\/p>\n<p>Enquanto isso, o casal J\u00falio Cocielo e Tata Estaniecki, alvo da separa\u00e7\u00e3o que gerou o mal-entendido, colocou fim \u00e0 rela\u00e7\u00e3o ap\u00f3s sete anos juntos. Eles se casaram em 2018 e s\u00e3o pais de Beatriz e Caio, conquistando milh\u00f5es de seguidores ao longo do relacionamento.<\/p>\n<p><strong><a href=\"https:\/\/tv.sbt.com.br\/programas\/jornalismo\/fofocalizando\/noticia\/285028-luana-piovani-reage-apos-derrota-na-justica-em-processos-contra-neymar\" class=\"link_sbttv\" rel=\"nofollow noopener\" target=\"_blank\">+ Luana Piovani reage ap\u00f3s derrota na Justi\u00e7a em processos contra Neymar<\/a><\/strong><\/p>\n<p><strong><a href=\"https:\/\/tv.sbt.com.br\/programas\/jornalismo\/fofocalizando\/noticia\/285023-ze-felipe-fala-sobre-acidente-de-carro-com-assessor-e-amigo-acordei-assustado-com-a-noticia\" class=\"link_sbttv\" rel=\"nofollow noopener\" target=\"_blank\">+ Z\u00e9 Felipe fala sobre acidente de carro com assessor e amigo: &#8220;Acordei assustado com a not\u00edcia&#8221;<\/a><\/strong><br \/>\u00a0<\/p>\n","protected":false},"excerpt":{"rendered":"Tat\u00e1 Werneck precisou se pronunciar nas redes sociais ap\u00f3s ser confundida com a influenciadora Tata Estaniecki, que anunciou&hellip;\n","protected":false},"author":2,"featured_media":116668,"comment_status":"","ping_status":"","sticky":false,"template":"","format":"standard","meta":{"footnotes":""},"categories":[145],"tags":[211,210,27318,114,115,27320,972,27317,32,33,936,27319,27321],"class_list":{"0":"post-116667","1":"post","2":"type-post","3":"status-publish","4":"format-standard","5":"has-post-thumbnail","7":"category-celebridades","8":"tag-celebridades","9":"tag-celebrities","10":"tag-cocielo","11":"tag-entertainment","12":"tag-entretenimento","13":"tag-estaniecki","14":"tag-fofocalizando","15":"tag-julio","16":"tag-portugal","17":"tag-pt","18":"tag-sbt","19":"tag-tata","20":"tag-werneck"},"share_on_mastodon":{"url":"","error":""},"_links":{"self":[{"href":"https:\/\/www.europesays.com\/pt\/wp-json\/wp\/v2\/posts\/116667","targetHints":{"allow":["GET"]}}],"collection":[{"href":"https:\/\/www.europesays.com\/pt\/wp-json\/wp\/v2\/posts"}],"about":[{"href":"https:\/\/www.europesays.com\/pt\/wp-json\/wp\/v2\/types\/post"}],"author":[{"embeddable":true,"href":"https:\/\/www.europesays.com\/pt\/wp-json\/wp\/v2\/users\/2"}],"replies":[{"embeddable":true,"href":"https:\/\/www.europesays.com\/pt\/wp-json\/wp\/v2\/comments?post=116667"}],"version-history":[{"count":0,"href":"https:\/\/www.europesays.com\/pt\/wp-json\/wp\/v2\/posts\/116667\/revisions"}],"wp:featuredmedia":[{"embeddable":true,"href":"https:\/\/www.europesays.com\/pt\/wp-json\/wp\/v2\/media\/116668"}],"wp:attachment":[{"href":"https:\/\/www.europesays.com\/pt\/wp-json\/wp\/v2\/media?parent=116667"}],"wp:term":[{"taxonomy":"category","embeddable":true,"href":"https:\/\/www.europesays.com\/pt\/wp-json\/wp\/v2\/categories?post=116667"},{"taxonomy":"post_tag","embeddable":true,"href":"https:\/\/www.europesays.com\/pt\/wp-json\/wp\/v2\/tags?post=116667"}],"curies":[{"name":"wp","href":"https:\/\/api.w.org\/{rel}","templated":true}]}}