{"id":116675,"date":"2025-10-19T01:03:09","date_gmt":"2025-10-19T01:03:09","guid":{"rendered":"https:\/\/www.europesays.com\/pt\/116675\/"},"modified":"2025-10-19T01:03:09","modified_gmt":"2025-10-19T01:03:09","slug":"crunchyroll-lanca-nova-interface-em-aplicativo-para-roku","status":"publish","type":"post","link":"https:\/\/www.europesays.com\/pt\/116675\/","title":{"rendered":"Crunchyroll lan\u00e7a nova interface em aplicativo para Roku"},"content":{"rendered":"<p class=\"yoast-reading-time__wrapper\">Estimated reading time: 2 minutos<\/p>\n<p>Nesta semana, a <strong>Crunchyroll<\/strong> lan\u00e7ou uma atualiza\u00e7\u00e3o em seu aplicativo para dispositivos <strong>Roku<\/strong>, trazendo nova interface e design, al\u00e9m de outras melhorias.<\/p>\n<p>Dentre as novidades est\u00e3o destaques, atalho para listas de exibi\u00e7\u00e3o, cole\u00e7\u00f5es selecionadas, menu lateral personalizado e mais.<\/p>\n<p>A proposta do novo feed inicial \u00e9 proporciona aos usu\u00e1rios uma experi\u00eancia mais cinematogr\u00e1fica e personalizada. Veja o v\u00eddeo de apresenta\u00e7\u00e3o abaixo:<\/p>\n<p>Caso possua uma Smart TV com Roku TV integrado ou dispositivos externos, como Roku Stick e outros, basta se certificar de que o aplicativo da Crunchyroll tenha a vers\u00e3o mais recente instalada para aproveitar a experi\u00eancia. Mais novidades est\u00e3o a caminho.<\/p>\n<p>Leia tamb\u00e9m sobre a Crunchyroll:<\/p>\n<p><strong>Fonte:<\/strong> <a href=\"https:\/\/www.crunchyroll.com\/pt-br\/news\/announcements\/2025\/10\/17\/aplicativo-crunchyroll-roku-nova-interface\" target=\"_blank\" rel=\"noreferrer noopener nofollow\">Crunchyroll<\/a><\/p>\n","protected":false},"excerpt":{"rendered":"Estimated reading time: 2 minutos Nesta semana, a Crunchyroll lan\u00e7ou uma atualiza\u00e7\u00e3o em seu aplicativo para dispositivos Roku,&hellip;\n","protected":false},"author":2,"featured_media":116676,"comment_status":"","ping_status":"","sticky":false,"template":"","format":"standard","meta":{"footnotes":""},"categories":[84],"tags":[109,107,108,15523,32,33,27322,105,103,104,106,110],"class_list":{"0":"post-116675","1":"post","2":"type-post","3":"status-publish","4":"format-standard","5":"has-post-thumbnail","7":"category-ciencia-e-tecnologia","8":"tag-ciencia","9":"tag-ciencia-e-tecnologia","10":"tag-cienciaetecnologia","11":"tag-crunchyroll","12":"tag-portugal","13":"tag-pt","14":"tag-roku","15":"tag-science","16":"tag-science-and-technology","17":"tag-scienceandtechnology","18":"tag-technology","19":"tag-tecnologia"},"share_on_mastodon":{"url":"","error":""},"_links":{"self":[{"href":"https:\/\/www.europesays.com\/pt\/wp-json\/wp\/v2\/posts\/116675","targetHints":{"allow":["GET"]}}],"collection":[{"href":"https:\/\/www.europesays.com\/pt\/wp-json\/wp\/v2\/posts"}],"about":[{"href":"https:\/\/www.europesays.com\/pt\/wp-json\/wp\/v2\/types\/post"}],"author":[{"embeddable":true,"href":"https:\/\/www.europesays.com\/pt\/wp-json\/wp\/v2\/users\/2"}],"replies":[{"embeddable":true,"href":"https:\/\/www.europesays.com\/pt\/wp-json\/wp\/v2\/comments?post=116675"}],"version-history":[{"count":0,"href":"https:\/\/www.europesays.com\/pt\/wp-json\/wp\/v2\/posts\/116675\/revisions"}],"wp:featuredmedia":[{"embeddable":true,"href":"https:\/\/www.europesays.com\/pt\/wp-json\/wp\/v2\/media\/116676"}],"wp:attachment":[{"href":"https:\/\/www.europesays.com\/pt\/wp-json\/wp\/v2\/media?parent=116675"}],"wp:term":[{"taxonomy":"category","embeddable":true,"href":"https:\/\/www.europesays.com\/pt\/wp-json\/wp\/v2\/categories?post=116675"},{"taxonomy":"post_tag","embeddable":true,"href":"https:\/\/www.europesays.com\/pt\/wp-json\/wp\/v2\/tags?post=116675"}],"curies":[{"name":"wp","href":"https:\/\/api.w.org\/{rel}","templated":true}]}}