{"id":116679,"date":"2025-10-19T01:09:12","date_gmt":"2025-10-19T01:09:12","guid":{"rendered":"https:\/\/www.europesays.com\/pt\/116679\/"},"modified":"2025-10-19T01:09:12","modified_gmt":"2025-10-19T01:09:12","slug":"apos-quase-30-anos-sergio-rosado-dos-anjos-faz-partilha-rara-de-foto-da-mulher","status":"publish","type":"post","link":"https:\/\/www.europesays.com\/pt\/116679\/","title":{"rendered":"Ap\u00f3s quase 30 anos, S\u00e9rgio Rosado, dos Anjos, faz partilha rara de foto da mulher!"},"content":{"rendered":"<p>A passada sexta-feira, dia 17, foi de festa para <a href=\"https:\/\/selfie.iol.pt\/famosos\/joana-marques\/anjos-partilham-novidade-que-os-ligam-indiretamente-a-joana-marques\/20251014\/68ee8aced34ee0c2fed14061\" target=\"_blank\" rel=\"nofollow noopener\">S\u00e9rgio Rosado<\/a>: o membro dos Anjos celebrou o 29.\u00ba anivers\u00e1rio de rela\u00e7\u00e3o com Andreia Rosado.<\/p>\n<p>No Instagram, S\u00e9rgio Rosado fez quest\u00e3o de celebrar a data especial. &#8220;O meu date h\u00e1 29 anos&#8221;, come\u00e7ou por referir o artista na legenda do registo. &#8220;\u00c9 eterno e sempre ser\u00e1&#8221;, completou, referindo-se a uma das baladas mais conhecidas dos Anjos, &#8220;Eterno&#8221;.<\/p>\n<p>Veja, agora, algumas das melhores imagens de S\u00e9rgio Rosado nas galerias de fotografias que prepar\u00e1mos para si.<\/p>\n<p><img decoding=\"async\" alt=\"\" onclick=\"\" src=\"https:\/\/www.europesays.com\/pt\/wp-content\/uploads\/2025\/10\/1760836152_54_1024.jpeg\" title=\"S\u00e9rgio Rosado\"\/><\/p>\n","protected":false},"excerpt":{"rendered":"A passada sexta-feira, dia 17, foi de festa para S\u00e9rgio Rosado: o membro dos Anjos celebrou o 29.\u00ba&hellip;\n","protected":false},"author":2,"featured_media":116680,"comment_status":"","ping_status":"","sticky":false,"template":"","format":"standard","meta":{"footnotes":""},"categories":[145],"tags":[2875,211,210,114,115,980,1015,150,619,27323,32,33,1012,27324],"class_list":{"0":"post-116679","1":"post","2":"type-post","3":"status-publish","4":"format-standard","5":"has-post-thumbnail","7":"category-celebridades","8":"tag-anjos","9":"tag-celebridades","10":"tag-celebrities","11":"tag-entertainment","12":"tag-entretenimento","13":"tag-famosos","14":"tag-instagram","15":"tag-musica","16":"tag-nacional","17":"tag-nelson-rosado","18":"tag-portugal","19":"tag-pt","20":"tag-selfie","21":"tag-sergio-rosado"},"share_on_mastodon":{"url":"","error":""},"_links":{"self":[{"href":"https:\/\/www.europesays.com\/pt\/wp-json\/wp\/v2\/posts\/116679","targetHints":{"allow":["GET"]}}],"collection":[{"href":"https:\/\/www.europesays.com\/pt\/wp-json\/wp\/v2\/posts"}],"about":[{"href":"https:\/\/www.europesays.com\/pt\/wp-json\/wp\/v2\/types\/post"}],"author":[{"embeddable":true,"href":"https:\/\/www.europesays.com\/pt\/wp-json\/wp\/v2\/users\/2"}],"replies":[{"embeddable":true,"href":"https:\/\/www.europesays.com\/pt\/wp-json\/wp\/v2\/comments?post=116679"}],"version-history":[{"count":0,"href":"https:\/\/www.europesays.com\/pt\/wp-json\/wp\/v2\/posts\/116679\/revisions"}],"wp:featuredmedia":[{"embeddable":true,"href":"https:\/\/www.europesays.com\/pt\/wp-json\/wp\/v2\/media\/116680"}],"wp:attachment":[{"href":"https:\/\/www.europesays.com\/pt\/wp-json\/wp\/v2\/media?parent=116679"}],"wp:term":[{"taxonomy":"category","embeddable":true,"href":"https:\/\/www.europesays.com\/pt\/wp-json\/wp\/v2\/categories?post=116679"},{"taxonomy":"post_tag","embeddable":true,"href":"https:\/\/www.europesays.com\/pt\/wp-json\/wp\/v2\/tags?post=116679"}],"curies":[{"name":"wp","href":"https:\/\/api.w.org\/{rel}","templated":true}]}}