{"id":116681,"date":"2025-10-19T01:12:13","date_gmt":"2025-10-19T01:12:13","guid":{"rendered":"https:\/\/www.europesays.com\/pt\/116681\/"},"modified":"2025-10-19T01:12:13","modified_gmt":"2025-10-19T01:12:13","slug":"o-meu-fred-ines-morais-apresenta-pessoa-especial-isto-e-muito-inedito-amo-o","status":"publish","type":"post","link":"https:\/\/www.europesays.com\/pt\/116681\/","title":{"rendered":"O meu Fred&#8221;. In\u00eas Morais apresenta pessoa especial: &#8220;Isto \u00e9 muito in\u00e9dito. Amo-o"},"content":{"rendered":"<p><a href=\"https:\/\/selfie.iol.pt\/famosos\/ines-morais\/sim-isto-aconteceu-ines-morais-mostra-se-ao-lado-de-dolores-aveiro\/20251013\/68ed4ba4d34e58bc6796d9ce\" target=\"_blank\" rel=\"nofollow noopener\">In\u00eas Morais<\/a> recorreu, recentemente, ao Instagram para partilhar uma imagem ternurenta: na fotografia, a comentadora de &#8220;<a href=\"https:\/\/tvi.iol.pt\/secretstory\/\" target=\"_blank\" rel=\"nofollow noopener\">Secret Story &#8211; Casa dos Segredos<\/a>&#8221; mostra-se a dar colo a um beb\u00e9.<\/p>\n<p>&#8220;O meu Fred&#8221;, come\u00e7ou por referir In\u00eas Morais na legenda do registo, antes de destacar: &#8220;Adormeceu no meu colo e isto \u00e9 muito in\u00e9dito. Amo-o.&#8221;<\/p>\n<p>Veja, agora, a imagem partilhada por In\u00eas Morais na galeria de fotografias que prepar\u00e1mos para si.<\/p>\n","protected":false},"excerpt":{"rendered":"In\u00eas Morais recorreu, recentemente, ao Instagram para partilhar uma imagem ternurenta: na fotografia, a comentadora de &#8220;Secret Story&hellip;\n","protected":false},"author":2,"featured_media":116682,"comment_status":"","ping_status":"","sticky":false,"template":"","format":"standard","meta":{"footnotes":""},"categories":[142],"tags":[2557,2632,114,115,980,6520,1015,619,32,33,1014,1315,1012,151,162],"class_list":{"0":"post-116681","1":"post","2":"type-post","3":"status-publish","4":"format-standard","5":"has-post-thumbnail","7":"category-tv","8":"tag-bebe","9":"tag-casa-dos-segredos","10":"tag-entertainment","11":"tag-entretenimento","12":"tag-famosos","13":"tag-ines-morais","14":"tag-instagram","15":"tag-nacional","16":"tag-portugal","17":"tag-pt","18":"tag-reality-show","19":"tag-secret-story","20":"tag-selfie","21":"tag-tv","22":"tag-tvi"},"share_on_mastodon":{"url":"","error":""},"_links":{"self":[{"href":"https:\/\/www.europesays.com\/pt\/wp-json\/wp\/v2\/posts\/116681","targetHints":{"allow":["GET"]}}],"collection":[{"href":"https:\/\/www.europesays.com\/pt\/wp-json\/wp\/v2\/posts"}],"about":[{"href":"https:\/\/www.europesays.com\/pt\/wp-json\/wp\/v2\/types\/post"}],"author":[{"embeddable":true,"href":"https:\/\/www.europesays.com\/pt\/wp-json\/wp\/v2\/users\/2"}],"replies":[{"embeddable":true,"href":"https:\/\/www.europesays.com\/pt\/wp-json\/wp\/v2\/comments?post=116681"}],"version-history":[{"count":0,"href":"https:\/\/www.europesays.com\/pt\/wp-json\/wp\/v2\/posts\/116681\/revisions"}],"wp:featuredmedia":[{"embeddable":true,"href":"https:\/\/www.europesays.com\/pt\/wp-json\/wp\/v2\/media\/116682"}],"wp:attachment":[{"href":"https:\/\/www.europesays.com\/pt\/wp-json\/wp\/v2\/media?parent=116681"}],"wp:term":[{"taxonomy":"category","embeddable":true,"href":"https:\/\/www.europesays.com\/pt\/wp-json\/wp\/v2\/categories?post=116681"},{"taxonomy":"post_tag","embeddable":true,"href":"https:\/\/www.europesays.com\/pt\/wp-json\/wp\/v2\/tags?post=116681"}],"curies":[{"name":"wp","href":"https:\/\/api.w.org\/{rel}","templated":true}]}}