{"id":116685,"date":"2025-10-19T01:15:15","date_gmt":"2025-10-19T01:15:15","guid":{"rendered":"https:\/\/www.europesays.com\/pt\/116685\/"},"modified":"2025-10-19T01:15:15","modified_gmt":"2025-10-19T01:15:15","slug":"taca-fornos-de-algodres-avs-0-7-cronica","status":"publish","type":"post","link":"https:\/\/www.europesays.com\/pt\/116685\/","title":{"rendered":"Ta\u00e7a: Fornos de Algodres-AVS, 0-7 (cr\u00f3nica)"},"content":{"rendered":"<p style=\"margin-bottom:11px\">A festa da Ta\u00e7a de Portugal passou esta tarde pelo Est\u00e1dio Municipal de Fornos de Algodres com a equipa da casa que lidera a 1.\u00aa Divis\u00e3o Distrital da Associa\u00e7\u00e3o de Futebol da Guarda a receber o \u00faltimo classificado da Liga que ainda n\u00e3o tinha vencido esta temporada, mas que acabou por regressar a casa de barriga cheia.<\/p>\n<p style=\"margin-bottom:11px\"><a href=\"https:\/\/maisfutebol.iol.pt\/jogo\/adfornosalgodres\/avs\/13830701\" rel=\"nofollow noopener\" target=\"_blank\">Confira o FILME DO JOGO<\/a><\/p>\n<p>Muitos adeptos ruidosos nas bancadas pintadas de verde e amarelo a apoiarem a equipa da casa, com uma minoria posicionada numa das laterais a justificar a presen\u00e7a dos primodivision\u00e1rios.<\/p>\n<p>O entusiasmo serrano cedo come\u00e7ou a ficar abalado quando a \u00e1rbitra Teresa Oliveira apontou para a marca de grande penalidade quando estavam decorridos apenas sete minutos de jogo. Chamado a marcar, Toman\u00e9 proporcionou a defesa do guarda-redes Badisson Sea, mas a jogada prosseguiu e num cruzamento para o cora\u00e7\u00e3o da \u00e1rea Diogo Spencer, de cabe\u00e7a, abriu o marcador.<\/p>\n<p>O Aves continuou por cima do jogo e o nervosismo da equipa da casa acentuou-se com o guarda-redes a ter uma sa\u00edda em falso na grande \u00e1rea e a permitir a Pedro Lima aproveitar da melhor forma o erro alheio para atirar para a baliza deserta aumentando a vantagem no marcador.<\/p>\n<p>A equipa das Aves, com uma vantagem de dois golos, geriu depois o jogo at\u00e9 ao intervalo.<\/p>\n<p><img decoding=\"async\" alt=\"\" src=\"https:\/\/www.europesays.com\/pt\/wp-content\/uploads\/2025\/10\/68f3bd14d34e58bc67970abe.webp\"\/><\/p>\n<p><img decoding=\"async\" alt=\"\" src=\"https:\/\/www.europesays.com\/pt\/wp-content\/uploads\/2025\/10\/68f3bd14d34e58bc67970abe.webp&lt;p\"\/>J\u00e1 na segunda-parte, todas as fragilidades vieram ao de cima da equipa do Fornos de Algodres que foi cedendo no \u00faltimo reduto defensivo sem conseguir encontrar argumentos que pudessem contrariar a maior valia da equipa do Aves, at\u00e9 porque ficou cedo reduzida a dez por expuls\u00e3o de Jo\u00e3o Correia por acumula\u00e7\u00e3o de amarelos.<\/p>\n<p>Al\u00e9m da vantagem num\u00e9rica do AVS, um dos fatores principais que contribu\u00edram para a derrocada da equipa da casa foi a quebra f\u00edsica. O Fornos nunca conseguiu acompanhar a velocidade dos jogadores avenses at\u00e9 porque, o treinador Jo\u00e3o Pedro Sousa foi refrescando a equipa, mantendo assim o mesmo ritmo durante os 90 minutos coisa que do lado do Fornos de Algodres era manifestamente imposs\u00edvel.<\/p>\n<p>No final do jogo, os jogadores de Francisco Gon\u00e7alves j\u00e1 n\u00e3o tinham manifestamente pernas para acompanhar o ritmo de jogo e o avolumar do marcador foi t\u00e3o natural como o desn\u00edvel que existe entre as duas equipas, com mais quatro golos nos \u00faltimos dez minutos, com destaque para o golo de Kodisang, o melhor da tarde.<\/p>\n<p>Goleada natural da equipa mais forte que segue assim em frente na Ta\u00e7a de Portugal.\u00a0<\/p>\n<p> A Figura do jogo: Badisson Sea fez tudo o que p\u00f4de <\/p>\n<p>Pode parecer paradoxal, mas o guarda-redes do Fornos de Algodres foi uma das figuras deste jogo. \u00c9 certo que falhou no segundo golo, com uma sa\u00edda fora de tempo, mas redimiu-se e evitou outros tantos golos. Nos outros que sofreu, j\u00e1 na segunda parte, n\u00e3o teve qualquer responsabilidade<\/p>\n<p><img decoding=\"async\" alt=\"\" src=\"https:\/\/www.europesays.com\/pt\/wp-content\/uploads\/2025\/10\/68f3bbd5d34ee0c2fed167dd.webp\"\/><\/p>\n<p> Momento do jogo: pen\u00e1lti defendido e marcador aberto <\/p>\n<p>Numa fase muito precoce do jogo, o Aves teve uma oportunidade soberana para se adiantar no marcador atrav\u00e9s da marca de grande penalidade. Toman\u00e9, chamado a marcar, permitiu uma grande defesa ao guarda-redes do Fornos de Algodres, mas o lance prosseguiu com um cruzamento para a pequena \u00e1rea onde apareceu Diogo Spencer a cabecear para golo. Um pen\u00e1lti falhado que podia ter moralizado a equipa da casa, mas, o lateral direito do Aves n\u00e3o o permitiu.<\/p>\n<p> Positivo: grande festa nas bancadas <\/p>\n<p>O resultado pode n\u00e3o ter sido o desejado, mas nas bancadas comprovou-se que a Ta\u00e7a de Portugal \u00e9 mesmo sin\u00f3nimo de festa. O est\u00e1dio n\u00e3o estava completamente cheio, mas os que estiveram n\u00e3o se cansaram de apoiar a equipa da casa ao longo dos 90 minutos.<\/p>\n<p> <strong>Ficha do jogo<\/strong> <\/p>\n<p>Est\u00e1dio Dr. Moreira da Cruz, em Fornos de Algodres<\/p>\n<p>Assist\u00eancia: 980 espectadores<\/p>\n<p>\u00c1rbitro: Teresa Oliveira<\/p>\n<p>Assistentes: Tiago Costa e \u00c2ngelo Carneiro<\/p>\n<p>4.\u00ba \u00e1rbitro: Miguel Peixoto<\/p>\n<p><strong>FORNOS ALGODRES: <\/strong>Badisson Sea; Marcelo Oliveira (Afonso Mar\u00e7al, 46m), Jo\u00e3o Correia, Daniel Aquino, H\u00e9lder Marques (Jo\u00e3o Silva, 80m), Marcelo Pinto, Daniel Pinto (Hugo Costa, 71m), Eliseu C\u00e1, Valdemar Vilaverde (Paulo Mois\u00e9s, 66m), Luisinho e Bruno Costa (Diogo Rebelo,71m).<\/p>\n<p>Suplentes: Jo\u00e3o Silva, Hugo Costa, Guilherme Barbosa, Afonso Mar\u00e7al, Diogo Rebelo, Edson Ferreira e Paulo Mois\u00e9s.<\/p>\n<p><strong>AVS: <\/strong>Jo\u00e3o Gon\u00e7alves; Diogo Spencer, Sidi Bane, Paulo Vitor e Rivas (Kiki Afonso, 64m); Gustavo Assun\u00e7\u00e3o, Jaume Grau (Rafael Barbosa, 46m) e Pedro Lima (Tiago Galletto, 76m); Tunde (Bruno Louren\u00e7o, 64m), Kodisang e Toman\u00e9 (Nen\u00ea, 64m).<\/p>\n<p>Suplentes: Sim\u00e3o Bertelli; Rafael Barbosa, Bruno Louren\u00e7o, Nen\u00ea, Neiva, Tiago Galletto, Diego Duarte, Gustavo Mendon\u00e7a e Kiki.<\/p>\n<p>Ao intervalo: 0-2<\/p>\n<p>Marcadores: Diogo Spencer (8 e 86m), Pedro Lima (12m), Rafael Barbosa (62m), Bruno Louren\u00e7o (82m), Kodisang (83m) e Kiki Afonso (90m).<\/p>\n<p>Disciplina: cart\u00e3o amarelo a Marcelo Oliveira (14m), Eliseu C\u00e1 (15m), Jo\u00e3o Correia (18 e 49m), H\u00e9lder Marques (29m), Bruno Costa (68m), Tiago Galletto (88m); cart\u00e3o vermelho a Jo\u00e3o Correia (49m).<\/p>\n<p><strong>Resultado final: 0-7<\/strong><\/p>\n","protected":false},"excerpt":{"rendered":"A festa da Ta\u00e7a de Portugal passou esta tarde pelo Est\u00e1dio Municipal de Fornos de Algodres com a&hellip;\n","protected":false},"author":2,"featured_media":116686,"comment_status":"","ping_status":"","sticky":false,"template":"","format":"standard","meta":{"footnotes":""},"categories":[87],"tags":[10126,135,27325,26920,27326,27327,46,32,33,47,134,13676],"class_list":{"0":"post-116685","1":"post","2":"type-post","3":"status-publish","4":"format-standard","5":"has-post-thumbnail","7":"category-desporto","8":"tag-avs","9":"tag-desporto","10":"tag-diogo-spencer","11":"tag-fornos-de-algodres","12":"tag-kiki-afonso","13":"tag-kodisang","14":"tag-maisfutebol","15":"tag-portugal","16":"tag-pt","17":"tag-pura-paixao","18":"tag-sports","19":"tag-taca-portugal"},"share_on_mastodon":{"url":"","error":""},"_links":{"self":[{"href":"https:\/\/www.europesays.com\/pt\/wp-json\/wp\/v2\/posts\/116685","targetHints":{"allow":["GET"]}}],"collection":[{"href":"https:\/\/www.europesays.com\/pt\/wp-json\/wp\/v2\/posts"}],"about":[{"href":"https:\/\/www.europesays.com\/pt\/wp-json\/wp\/v2\/types\/post"}],"author":[{"embeddable":true,"href":"https:\/\/www.europesays.com\/pt\/wp-json\/wp\/v2\/users\/2"}],"replies":[{"embeddable":true,"href":"https:\/\/www.europesays.com\/pt\/wp-json\/wp\/v2\/comments?post=116685"}],"version-history":[{"count":0,"href":"https:\/\/www.europesays.com\/pt\/wp-json\/wp\/v2\/posts\/116685\/revisions"}],"wp:featuredmedia":[{"embeddable":true,"href":"https:\/\/www.europesays.com\/pt\/wp-json\/wp\/v2\/media\/116686"}],"wp:attachment":[{"href":"https:\/\/www.europesays.com\/pt\/wp-json\/wp\/v2\/media?parent=116685"}],"wp:term":[{"taxonomy":"category","embeddable":true,"href":"https:\/\/www.europesays.com\/pt\/wp-json\/wp\/v2\/categories?post=116685"},{"taxonomy":"post_tag","embeddable":true,"href":"https:\/\/www.europesays.com\/pt\/wp-json\/wp\/v2\/tags?post=116685"}],"curies":[{"name":"wp","href":"https:\/\/api.w.org\/{rel}","templated":true}]}}