{"id":116691,"date":"2025-10-19T01:23:08","date_gmt":"2025-10-19T01:23:08","guid":{"rendered":"https:\/\/www.europesays.com\/pt\/116691\/"},"modified":"2025-10-19T01:23:08","modified_gmt":"2025-10-19T01:23:08","slug":"sbt-tv-pedro-andrade-namorado-de-sandy-celebra-dia-do-medico-com-acao-emocionante","status":"publish","type":"post","link":"https:\/\/www.europesays.com\/pt\/116691\/","title":{"rendered":"SBT TV | Pedro Andrade, namorado de Sandy, celebra Dia do M\u00e9dico com a\u00e7\u00e3o emocionante"},"content":{"rendered":"<p data-end=\"613\" data-start=\"247\">Pedro Andrade, namorado da cantora Sandy, emocionou os seguidores neste s\u00e1bado (18) ao celebrar o Dia do M\u00e9dico de uma forma especial. O profissional de sa\u00fade compartilhou nas redes sociais fotos em que aparece fantasiado de Superman, interagindo com um grupo de crian\u00e7as, e aproveitou a data para refletir sobre amor, prop\u00f3sito e o verdadeiro sentido da medicina.<\/p>\n<p data-end=\"613\" data-start=\"247\"><a href=\"https:\/\/tinyurl.com\/sbt285025\" class=\"link_sbttv\" rel=\"nofollow noopener\" target=\"_blank\">+\u00a0Lorena Maria rebate cr\u00edticas por deixar filho viajar com MC Daniel: &#8220;\u00c9 saud\u00e1vel para ele&#8221;<\/a><\/p>\n<p data-end=\"613\" data-start=\"247\"><a href=\"https:\/\/tinyurl.com\/sbt285023\" class=\"link_sbttv\" rel=\"nofollow noopener\" target=\"_blank\">+\u00a0Z\u00e9 Felipe fala sobre acidente de carro com assessor e amigo: &#8220;Acordei assustado com a not\u00edcia&#8221;<\/a><\/p>\n<p data-end=\"964\" data-start=\"615\">&#8220;Nos esquecemos de amar os outros, em grande parte, porque esquecemos de amar a n\u00f3s mesmos. Quando voc\u00ea se ama com toda a sua estranheza, vulnerabilidade e verdade, o amor pelo outro se torna natural,\u00a0quase inevit\u00e1vel. A verdadeira medicina come\u00e7a na conex\u00e3o, e antes de qualquer coisa, consigo mesmo&#8221;, escreveu o m\u00e9dico na legenda da publica\u00e7\u00e3o.<\/p>\n<p data-end=\"1312\" data-start=\"966\">Em um longo texto, Pedro destacou que, para ele, a medicina vai al\u00e9m dos diplomas e protocolos. &#8220;Desde a faculdade, fui uma ovelha negra entre protocolos. Preferi o caminho do cora\u00e7\u00e3o ao da cartilha. Amar-se \u00e9 obedecer ao grito da pr\u00f3pria natureza, n\u00e3o \u00e0 expectativa do mundo. \u00c9 fazer o que veio pra fazer, sem pedir licen\u00e7a ao medo&#8221;, declarou.<\/p>\n<p data-end=\"1596\" data-is-last-node=\"\" data-is-only-node=\"\" data-start=\"1314\">Encerrando a mensagem, o m\u00e9dico deixou uma reflex\u00e3o sobre empatia e espiritualidade na pr\u00e1tica da profiss\u00e3o: &#8220;Que a medicina siga leve, espirituosa e desperte o que realmente cura: o amor que reconhece o humano no outro. O amor em estado de presen\u00e7a. O nosso amor. Feliz nosso dia.&#8221;<\/p>\n<blockquote class=\"instagram-media\" data-instgrm-captioned=\"\" data-instgrm-permalink=\"https:\/\/www.instagram.com\/p\/DP9Up-GDmJ9\/?utm_source=ig_embed&amp;utm_campaign=loading\" data-instgrm-version=\"14\"\/><p><script async src=\"\/\/www.instagram.com\/embed.js\"><\/script><\/p>\n","protected":false},"excerpt":{"rendered":"Pedro Andrade, namorado da cantora Sandy, emocionou os seguidores neste s\u00e1bado (18) ao celebrar o Dia do M\u00e9dico&hellip;\n","protected":false},"author":2,"featured_media":116692,"comment_status":"","ping_status":"","sticky":false,"template":"","format":"standard","meta":{"footnotes":""},"categories":[145],"tags":[520,211,210,114,115,972,14646,32,33,1132,936],"class_list":{"0":"post-116691","1":"post","2":"type-post","3":"status-publish","4":"format-standard","5":"has-post-thumbnail","7":"category-celebridades","8":"tag-andrade","9":"tag-celebridades","10":"tag-celebrities","11":"tag-entertainment","12":"tag-entretenimento","13":"tag-fofocalizando","14":"tag-pedro","15":"tag-portugal","16":"tag-pt","17":"tag-sandy","18":"tag-sbt"},"share_on_mastodon":{"url":"","error":""},"_links":{"self":[{"href":"https:\/\/www.europesays.com\/pt\/wp-json\/wp\/v2\/posts\/116691","targetHints":{"allow":["GET"]}}],"collection":[{"href":"https:\/\/www.europesays.com\/pt\/wp-json\/wp\/v2\/posts"}],"about":[{"href":"https:\/\/www.europesays.com\/pt\/wp-json\/wp\/v2\/types\/post"}],"author":[{"embeddable":true,"href":"https:\/\/www.europesays.com\/pt\/wp-json\/wp\/v2\/users\/2"}],"replies":[{"embeddable":true,"href":"https:\/\/www.europesays.com\/pt\/wp-json\/wp\/v2\/comments?post=116691"}],"version-history":[{"count":0,"href":"https:\/\/www.europesays.com\/pt\/wp-json\/wp\/v2\/posts\/116691\/revisions"}],"wp:featuredmedia":[{"embeddable":true,"href":"https:\/\/www.europesays.com\/pt\/wp-json\/wp\/v2\/media\/116692"}],"wp:attachment":[{"href":"https:\/\/www.europesays.com\/pt\/wp-json\/wp\/v2\/media?parent=116691"}],"wp:term":[{"taxonomy":"category","embeddable":true,"href":"https:\/\/www.europesays.com\/pt\/wp-json\/wp\/v2\/categories?post=116691"},{"taxonomy":"post_tag","embeddable":true,"href":"https:\/\/www.europesays.com\/pt\/wp-json\/wp\/v2\/tags?post=116691"}],"curies":[{"name":"wp","href":"https:\/\/api.w.org\/{rel}","templated":true}]}}