{"id":116698,"date":"2025-10-19T01:30:10","date_gmt":"2025-10-19T01:30:10","guid":{"rendered":"https:\/\/www.europesays.com\/pt\/116698\/"},"modified":"2025-10-19T01:30:10","modified_gmt":"2025-10-19T01:30:10","slug":"ubss-de-s-bernardo-atenderam-93-mil-com-dia-d-de-vacinacao-e-outubro-rosa","status":"publish","type":"post","link":"https:\/\/www.europesays.com\/pt\/116698\/","title":{"rendered":"UBSs de S.Bernardo atenderam 9,3 mil com Dia D de Vacina\u00e7\u00e3o e Outubro Rosa"},"content":{"rendered":"<p style=\"margin-top:10px; margin-left:-10px\">\n<a href=\"https:\/\/news.google.com\/publications\/CAAqBwgKMILb9QowzODcAg?ceid=BR:pt-419&amp;oc=3\" target=\"_blank\" rel=\"nofollow noreferrer noopener\"><img decoding=\"async\" width=\"200px\" height=\"42px\" src=\"https:\/\/www.europesays.com\/pt\/wp-content\/uploads\/2025\/09\/googlenews-btn.webp.webp\"\/><\/a>\n<\/p>\n<p><img loading=\"lazy\" decoding=\"async\" class=\" wp-image-3720586\" src=\"https:\/\/www.europesays.com\/pt\/wp-content\/uploads\/2025\/10\/dadgwga-43-300x200.jpg\" alt=\"\" width=\"384\" height=\"256\"  \/>Foram aplicadas 2.282 vacinas ao longo do dia em todos os pontos (Foto: Igor Cotrim\/PMSBC)<\/p>\n<p>O frio e a chuva n\u00e3o impediram que as UBSs (Unidades B\u00e1sicas de Sa\u00fade) de S\u00e3o Bernardo realizassem centenas de atendimentos neste s\u00e1bado (18\/10), em a\u00e7\u00f5es paralelas ao Dia D de Vacina\u00e7\u00e3o e \u00e0 Campanha do Outubro Rosa. As 35 UBSs ofereceram coleta de exame de Papanicolau, avalia\u00e7\u00e3o de sa\u00fade bucal, testes r\u00e1pidos de IST (Infec\u00e7\u00f5es Sexualmente Transmiss\u00edveis), agendamento de mamografia, orienta\u00e7\u00f5es sobre o autoexame das mamas e vacina\u00e7\u00e3o, entre outros servi\u00e7os. No total, 9.305 pessoas foram atendidas.<\/p>\n<p>Quem passou pela Pra\u00e7a da Matriz tamb\u00e9m p\u00f4de se vacinar. Para as mulheres, a Carreta da Mamografia realizou exames em mulheres de 40 a 74 anos, sem necessidade de pedido m\u00e9dico, atendendo 80 pessoas. O s\u00e1bado (18\/10) marcou o Dia D da Campanha de Multivacina\u00e7\u00e3o, que come\u00e7ou no dia 6 e segue at\u00e9 o dia 31 em todas as UBSs do munic\u00edpio. Neste 18 de outubro, foram aplicadas 2.282 doses.<\/p>\n<p>Na UBS Parque S\u00e3o Bernardo, o movimento permaneceu intenso durante todo o dia, com mais de 300 atendimentos, sendo 250 coletas de exame Papanicolau. Assim como em outras unidades da rede municipal, os funcion\u00e1rios se uniram para oferecer outros servi\u00e7os e acolhimento enquanto os usu\u00e1rios aguardavam. A unidade disponibilizou mesa com caf\u00e9, ch\u00e1, suco, bolo e p\u00e3es, para tornar a espera mais confort\u00e1vel, al\u00e9m de oferecer massagem, maquiagem e limpeza de pele, entre outros \u2018mimos\u2019.<\/p>\n<p>A Campanha de Multivacina\u00e7\u00e3o inclui vacinas contra dengue (crian\u00e7as e adolescentes de 10 a 14 anos), HPV (crian\u00e7as e adolescentes de 9 a 19 anos), meningite ACWY (crian\u00e7as e adolescentes de 11 a 14 anos), sarampo (jovens e adultos com esquema incompleto), atualiza\u00e7\u00e3o contra difteria e t\u00e9tano, febre amarela (quem nunca tomou), Influenza (maiores de 6 meses) e Covid-19 (quem est\u00e1 com esquema incompleto). O endere\u00e7o das UBSs est\u00e1 dispon\u00edvel em: <a href=\"https:\/\/portalsaude.saobernardo.sp.gov.br\/portaldasaude\/ubs\/\" rel=\"nofollow noopener\" target=\"_blank\">https:\/\/portalsaude.saobernardo.sp.gov.br\/portaldasaude\/ubs\/<\/a>.<\/p>\n<p>\u00a0<\/p>\n","protected":false},"excerpt":{"rendered":"Foram aplicadas 2.282 vacinas ao longo do dia em todos os pontos (Foto: Igor Cotrim\/PMSBC) O frio e&hellip;\n","protected":false},"author":2,"featured_media":116699,"comment_status":"","ping_status":"","sticky":false,"template":"","format":"standard","meta":{"footnotes":""},"categories":[86],"tags":[27341,116,23543,27342,32,33,2290,117,10213],"class_list":{"0":"post-116698","1":"post","2":"type-post","3":"status-publish","4":"format-standard","5":"has-post-thumbnail","7":"category-saude","8":"tag-dia-d-de-vacinacao","9":"tag-health","10":"tag-outubro-rosa","11":"tag-papanicolau","12":"tag-portugal","13":"tag-pt","14":"tag-sao-bernardo","15":"tag-saude","16":"tag-ubs"},"share_on_mastodon":{"url":"","error":""},"_links":{"self":[{"href":"https:\/\/www.europesays.com\/pt\/wp-json\/wp\/v2\/posts\/116698","targetHints":{"allow":["GET"]}}],"collection":[{"href":"https:\/\/www.europesays.com\/pt\/wp-json\/wp\/v2\/posts"}],"about":[{"href":"https:\/\/www.europesays.com\/pt\/wp-json\/wp\/v2\/types\/post"}],"author":[{"embeddable":true,"href":"https:\/\/www.europesays.com\/pt\/wp-json\/wp\/v2\/users\/2"}],"replies":[{"embeddable":true,"href":"https:\/\/www.europesays.com\/pt\/wp-json\/wp\/v2\/comments?post=116698"}],"version-history":[{"count":0,"href":"https:\/\/www.europesays.com\/pt\/wp-json\/wp\/v2\/posts\/116698\/revisions"}],"wp:featuredmedia":[{"embeddable":true,"href":"https:\/\/www.europesays.com\/pt\/wp-json\/wp\/v2\/media\/116699"}],"wp:attachment":[{"href":"https:\/\/www.europesays.com\/pt\/wp-json\/wp\/v2\/media?parent=116698"}],"wp:term":[{"taxonomy":"category","embeddable":true,"href":"https:\/\/www.europesays.com\/pt\/wp-json\/wp\/v2\/categories?post=116698"},{"taxonomy":"post_tag","embeddable":true,"href":"https:\/\/www.europesays.com\/pt\/wp-json\/wp\/v2\/tags?post=116698"}],"curies":[{"name":"wp","href":"https:\/\/api.w.org\/{rel}","templated":true}]}}