{"id":116720,"date":"2025-10-19T01:58:13","date_gmt":"2025-10-19T01:58:13","guid":{"rendered":"https:\/\/www.europesays.com\/pt\/116720\/"},"modified":"2025-10-19T01:58:13","modified_gmt":"2025-10-19T01:58:13","slug":"benfica-vence-santa-clara-e-lidera-a-classificacao-na-liga-revelacao","status":"publish","type":"post","link":"https:\/\/www.europesays.com\/pt\/116720\/","title":{"rendered":"Benfica vence Santa Clara e lidera a classifica\u00e7\u00e3o na Liga Revela\u00e7\u00e3o"},"content":{"rendered":"<p>&#8211; Advertisement &#8211;<\/p>\n<p><strong>O Benfica venceu o Santa Clara na oitava jornada da Liga Revela\u00e7\u00e3o e isola-se ainda mais na lideran\u00e7a da tabela classificativa da S\u00e9rie B.<\/strong><\/p>\n<p>O Benfica recebeu o Santa Clara, este s\u00e1bado, na oitava jornada da Liga Revela\u00e7\u00e3o, e saiu por cima com uma vit\u00f3ria por 2-0. A vit\u00f3ria aumentou a dist\u00e2ncia entre os dois clubes na luta pela lideran\u00e7a da s\u00e9rie B.<\/p>\n<p>Num jogo muito disputado no meio campo, o golo que abriu foi apontado aos 38 minutos por Federico Colletta. J\u00e1 em tempo de compensa\u00e7\u00e3o, aos 90+6\u2032, por Steven Manuel.<\/p>\n<p>Com esta vit\u00f3ria, o <a href=\"https:\/\/bolanarede.pt\/etiqueta\/benfica-sub-23\/\" rel=\"nofollow noopener\" target=\"_blank\">Benfica<\/a> isola-se na lideran\u00e7a da s\u00e9rie B da<a href=\"https:\/\/bolanarede.pt\/categoria\/nacional\/ligarevelacao\/\" rel=\"nofollow noopener\" target=\"_blank\"> Liga Revela\u00e7\u00e3o<\/a> com 24 pontos, aumentando a dist\u00e2ncia para o Santa Clara, que ocupa o segundo lugar com 16 pontos.<\/p>\n","protected":false},"excerpt":{"rendered":"&#8211; Advertisement &#8211; O Benfica venceu o Santa Clara na oitava jornada da Liga Revela\u00e7\u00e3o e isola-se ainda&hellip;\n","protected":false},"author":2,"featured_media":116721,"comment_status":"","ping_status":"","sticky":false,"template":"","format":"standard","meta":{"footnotes":""},"categories":[87],"tags":[260,27345,135,12192,32,33,27346,134],"class_list":{"0":"post-116720","1":"post","2":"type-post","3":"status-publish","4":"format-standard","5":"has-post-thumbnail","7":"category-desporto","8":"tag-atualidade","9":"tag-benfica-sub-23","10":"tag-desporto","11":"tag-liga-revelacao","12":"tag-portugal","13":"tag-pt","14":"tag-santa-clara-sub-23","15":"tag-sports"},"share_on_mastodon":{"url":"","error":""},"_links":{"self":[{"href":"https:\/\/www.europesays.com\/pt\/wp-json\/wp\/v2\/posts\/116720","targetHints":{"allow":["GET"]}}],"collection":[{"href":"https:\/\/www.europesays.com\/pt\/wp-json\/wp\/v2\/posts"}],"about":[{"href":"https:\/\/www.europesays.com\/pt\/wp-json\/wp\/v2\/types\/post"}],"author":[{"embeddable":true,"href":"https:\/\/www.europesays.com\/pt\/wp-json\/wp\/v2\/users\/2"}],"replies":[{"embeddable":true,"href":"https:\/\/www.europesays.com\/pt\/wp-json\/wp\/v2\/comments?post=116720"}],"version-history":[{"count":0,"href":"https:\/\/www.europesays.com\/pt\/wp-json\/wp\/v2\/posts\/116720\/revisions"}],"wp:featuredmedia":[{"embeddable":true,"href":"https:\/\/www.europesays.com\/pt\/wp-json\/wp\/v2\/media\/116721"}],"wp:attachment":[{"href":"https:\/\/www.europesays.com\/pt\/wp-json\/wp\/v2\/media?parent=116720"}],"wp:term":[{"taxonomy":"category","embeddable":true,"href":"https:\/\/www.europesays.com\/pt\/wp-json\/wp\/v2\/categories?post=116720"},{"taxonomy":"post_tag","embeddable":true,"href":"https:\/\/www.europesays.com\/pt\/wp-json\/wp\/v2\/tags?post=116720"}],"curies":[{"name":"wp","href":"https:\/\/api.w.org\/{rel}","templated":true}]}}