{"id":116734,"date":"2025-10-19T02:12:17","date_gmt":"2025-10-19T02:12:17","guid":{"rendered":"https:\/\/www.europesays.com\/pt\/116734\/"},"modified":"2025-10-19T02:12:17","modified_gmt":"2025-10-19T02:12:17","slug":"gostaria-de-ultrapassar-o-meu-avo-e-ter-8-campeonatos","status":"publish","type":"post","link":"https:\/\/www.europesays.com\/pt\/116734\/","title":{"rendered":"\u00abGostaria de ultrapassar o meu av\u00f4 e ter 8 campeonatos\u00bb"},"content":{"rendered":"<p>&#8211; Advertisement &#8211;<\/p>\n<p><strong>Martim Mayer, candidato \u00e0 presid\u00eancia do Benfica, quer conquistar mais campeonatos do que o seu av\u00f4 Duarte Borges Coutinho.<\/strong><\/p>\n<p>Martim Mayer, candidato \u00e0 presid\u00eancia do Benfica, deu uma entrevista ao jornal espanhol MARCA, onde admitiu que quer conquistar mais campeonatos do que o seu av\u00f4 Duarte Borges Coutinho, antigo presidente das \u00e1guias:<\/p>\n<p>\u00abO modelo de neg\u00f3cio do futebol mudou muito desde ent\u00e3o. Mas o meu av\u00f4 foi muito importante na divulga\u00e7\u00e3o do Benfica fora de Portugal. Esse \u00e9 o legado que quero ter, fazer uma boa internacionaliza\u00e7\u00e3o do clube e visibilizar que o Benfica \u00e9 um clube global. O legado do meu av\u00f4 foi tamb\u00e9m a vit\u00f3ria, porque ganhou sete campeonatos de Portugal em oito anos. O meu objetivo \u00e9 o mesmo. Os mandatos s\u00e3o de quatro anos e sempre disse que gostaria de fazer dois mandatos se os s\u00f3cios me dessem essa oportunidade. \u00c9 o que gostaria de fazer: bater o meu av\u00f4 e ter oito campeonatos, isso seria fenomenal para o Benfica\u00bb.<\/p>\n<p><a href=\"https:\/\/bolanarede.pt\/etiqueta\/martim-mayer\/\" target=\"_blank\" rel=\"noreferrer noopener nofollow\">Martim Mayer<\/a> disse que Jos\u00e9 Mourinho \u00e9 o seu treinador:<\/p>\n<p>\u00abMourinho continuaria a ser o meu treinador, Mario Branco continuaria a ser o meu diretor de futebol e eles complementam-se muito bem com Andries Jonker, porque t\u00eam a press\u00e3o do curto prazo e t\u00eam de ganhar. Andries Jonker vem para olhar para quatro anos, para estruturar o futebol, para falar com Mourinho e com Mario Branco para poder fazer com que todo o futebol desde a categoria sub-13 tenha proje\u00e7\u00e3o para chegar \u00e0 equipa principal. Jos\u00e9 Mourinho \u00e9 o meu treinador e \u00e9 com ele que vou contar desde o primeiro dia\u00bb.<\/p>\n","protected":false},"excerpt":{"rendered":"&#8211; Advertisement &#8211; Martim Mayer, candidato \u00e0 presid\u00eancia do Benfica, quer conquistar mais campeonatos do que o seu&hellip;\n","protected":false},"author":2,"featured_media":116735,"comment_status":"","ping_status":"","sticky":false,"template":"","format":"standard","meta":{"footnotes":""},"categories":[87],"tags":[260,51,135,27349,24241,32,33,134],"class_list":{"0":"post-116734","1":"post","2":"type-post","3":"status-publish","4":"format-standard","5":"has-post-thumbnail","7":"category-desporto","8":"tag-atualidade","9":"tag-benfica","10":"tag-desporto","11":"tag-duarte-borges-coutinho","12":"tag-martim-mayer","13":"tag-portugal","14":"tag-pt","15":"tag-sports"},"share_on_mastodon":{"url":"","error":""},"_links":{"self":[{"href":"https:\/\/www.europesays.com\/pt\/wp-json\/wp\/v2\/posts\/116734","targetHints":{"allow":["GET"]}}],"collection":[{"href":"https:\/\/www.europesays.com\/pt\/wp-json\/wp\/v2\/posts"}],"about":[{"href":"https:\/\/www.europesays.com\/pt\/wp-json\/wp\/v2\/types\/post"}],"author":[{"embeddable":true,"href":"https:\/\/www.europesays.com\/pt\/wp-json\/wp\/v2\/users\/2"}],"replies":[{"embeddable":true,"href":"https:\/\/www.europesays.com\/pt\/wp-json\/wp\/v2\/comments?post=116734"}],"version-history":[{"count":0,"href":"https:\/\/www.europesays.com\/pt\/wp-json\/wp\/v2\/posts\/116734\/revisions"}],"wp:featuredmedia":[{"embeddable":true,"href":"https:\/\/www.europesays.com\/pt\/wp-json\/wp\/v2\/media\/116735"}],"wp:attachment":[{"href":"https:\/\/www.europesays.com\/pt\/wp-json\/wp\/v2\/media?parent=116734"}],"wp:term":[{"taxonomy":"category","embeddable":true,"href":"https:\/\/www.europesays.com\/pt\/wp-json\/wp\/v2\/categories?post=116734"},{"taxonomy":"post_tag","embeddable":true,"href":"https:\/\/www.europesays.com\/pt\/wp-json\/wp\/v2\/tags?post=116734"}],"curies":[{"name":"wp","href":"https:\/\/api.w.org\/{rel}","templated":true}]}}