{"id":116742,"date":"2025-10-19T02:19:23","date_gmt":"2025-10-19T02:19:23","guid":{"rendered":"https:\/\/www.europesays.com\/pt\/116742\/"},"modified":"2025-10-19T02:19:23","modified_gmt":"2025-10-19T02:19:23","slug":"mayer-videochamada-com-van-gaal-gambrinus-e-um-reencontro-observador","status":"publish","type":"post","link":"https:\/\/www.europesays.com\/pt\/116742\/","title":{"rendered":"Mayer: videochamada com Van Gaal, Gambrinus e um reencontro &#8211; Observador"},"content":{"rendered":"<ol>\n<li><a href=\"https:\/\/news.google.com\/rss\/articles\/CBMi8gFBVV95cUxPaENmTTRFbEFIUXptTHRNUXZ5bEQtRTB5SnVtc3g5Y0xJX19FTHhCZzVsNzE1VldZb3hIM2l5NlRwdUVwTWhoMFEzbEM3Z3lVMFVXQ0ZVWkRkZHRVNjJCYUxMa2hQSUhhY0thb3YzTTZzQ0FCUFJER1c3WnZSZFdQSEVhUUdGWjlWalFjQ1Q0LWw3WU5JYWVMdEJSc2lEV2RFQ2dDSEZPZGt2aHo5WGZaYzV1RTc5TnpjUlRTZ2d6bk83YTNPYnZxNWpDbTduU2RaZTR1ZE1RN3A0TWlXSko2S01QYnZLbTFkaUNIWm9EUUlUQQ?oc=5\" target=\"_blank\" rel=\"nofollow noopener\">Mayer: videochamada com Van Gaal, Gambrinus e um reencontro<\/a>&nbsp;&nbsp;Observador<\/li>\n<li><a href=\"https:\/\/news.google.com\/rss\/articles\/CBMiowFBVV95cUxOYWFPQl9idUxFV0VyTnBCYWlaamFSbFpReEZTWUZKTWZ6WXFmY0lyRnFMZGpEeF9QeU00TzZTMklsVk9Sd0ttUUc4cEpqcmxxMWZuNGJqdUg5YkxxNmV5LTBqeXJkeWtLMGxCV3VGRGJhZVhaV2VqSlNRLXZFcmEydTlKVmJreWJNaGdJVEdveXdzVzdpall3d3JzS1h6ZnlwUXNZ?oc=5\" target=\"_blank\" rel=\"nofollow noopener\">Elei\u00e7\u00f5es: Martim Mayer fala de contas, forma\u00e7\u00e3o e Mourinho<\/a>&nbsp;&nbsp;RTP<\/li>\n<li><a href=\"https:\/\/news.google.com\/rss\/articles\/CBMikwFBVV95cUxQX0JvNFRFOVhzZmlMSmF0ZHBxcXJLQ084RlhNTDdqNU80MjNpTDRELVo1Y1RpT2VORFlpZ1ZYMU90SUx5ZmIzRkxRSTRYMl9CbDIyXzA2LUVYd19XaDF4S0tzdkkwbUJncTRWQUJQRlNuaGZVQkFtRThGcUg4b3ZZcDV6dmtTeDRtOVc5LURhWXU0a3M?oc=5\" target=\"_blank\" rel=\"nofollow noopener\">&#8220;Mourinho \u00e9 o meu treinador enquanto o Benfica ganhar&#8221;<\/a>&nbsp;&nbsp;Futebol 365<\/li>\n<li><a href=\"https:\/\/news.google.com\/rss\/articles\/CBMivgJBVV95cUxPUEp4akpFZV81a0ppTk5xcmc0UmFRaVJLS1JxM1I4bXA2TExGWkNmYkxwQWpfSFVuSkhHY2V3UFJmd3BuZkd6TTZSVk54XzJzNlR1NjNQSS13ZXNYSnltQnVRQ2dRS3lxSUVUNnU3ZUhPUXVVYzUteVJCTXlhWTMxM1d3anU4VjJzWXpfeDAzQjItZGdZM0ZDYUt2UlE1dkM4WHBVemhWajR5eHRWMmFwWDFITWU0YkREMVhhWFRtZDVZUl80NjNVakhtQzhpNW9nMDJqb1ZZcDRtU3czMEtjY1JCLVdZVGh3bWk0RnQ5enpXd3k3M3JUMU5kX2tjakc2ODMzRE04eVFWTnNHT3RnYUxiWXVsZVF2dFhlU2JudVZ3SEYwQ0hOdVh3LV9yTUhHRXRMUTgydERrN0doYlE?oc=5\" target=\"_blank\" rel=\"nofollow noopener\">Martim Mayer abre a porta a um regresso de Jo\u00e3o F\u00e9lix ao Benfica mas coloca condi\u00e7\u00e3o: \u00ab\u00c9 preciso colocar a racionalidade e a vis\u00e3o acima de uma vontade sentimental\u00bb<\/a>&nbsp;&nbsp;Bola na Rede<\/li>\n<li><a href=\"https:\/\/news.google.com\/rss\/articles\/CBMiwgFBVV95cUxPUzU3ZUtOSmhObVByZ204YXppTEVXQUtCaFdGZVJ0Uk5jN2FkcllscTNmcWZueU5sTnhLZjliTjh1RU9laWNPeWl4ZkdSOG84Uk1DLUZJcFhneEUwR0RVQm9PUm5QYmlBVXRweVlHVzRtMWtLOFAyY3hLSk1INHBpWkp4S3l4UmpXakJQM1QxQmhEbHU0d1J5WWExVE5laEhuNlhTUUZ5Y3cwRlZKR0RyTGJBZ1BsWjRibmFTVWU1c3dOZw?oc=5\" target=\"_blank\" rel=\"nofollow noopener\">Martim Mayer quer equilibrar contas do Benfica para reter talento da forma\u00e7\u00e3o<\/a>&nbsp;&nbsp;Lusa<\/li>\n<\/ol>\n","protected":false},"excerpt":{"rendered":"Mayer: videochamada com Van Gaal, Gambrinus e um reencontro&nbsp;&nbsp;Observador Elei\u00e7\u00f5es: Martim Mayer fala de contas, forma\u00e7\u00e3o e Mourinho&nbsp;&nbsp;RTP&hellip;\n","protected":false},"author":2,"featured_media":116743,"comment_status":"","ping_status":"","sticky":false,"template":"","format":"standard","meta":{"footnotes":""},"categories":[8],"tags":[51,27,28,135,27350,15,16,524,14,25,26,21,22,12,13,19,20,32,23,24,33,17,18,29,30,31],"class_list":{"0":"post-116742","1":"post","2":"type-post","3":"status-publish","4":"format-standard","5":"has-post-thumbnail","7":"category-principais-noticias","8":"tag-benfica","9":"tag-breaking-news","10":"tag-breakingnews","11":"tag-desporto","12":"tag-eleiu00e7u00f5es-benfica","13":"tag-featured-news","14":"tag-featurednews","15":"tag-futebol","16":"tag-headlines","17":"tag-latest-news","18":"tag-latestnews","19":"tag-main-news","20":"tag-mainnews","21":"tag-news","22":"tag-noticias","23":"tag-noticias-principais","24":"tag-noticiasprincipais","25":"tag-portugal","26":"tag-principais-noticias","27":"tag-principaisnoticias","28":"tag-pt","29":"tag-top-stories","30":"tag-topstories","31":"tag-ultimas","32":"tag-ultimas-noticias","33":"tag-ultimasnoticias"},"share_on_mastodon":{"url":"","error":""},"_links":{"self":[{"href":"https:\/\/www.europesays.com\/pt\/wp-json\/wp\/v2\/posts\/116742","targetHints":{"allow":["GET"]}}],"collection":[{"href":"https:\/\/www.europesays.com\/pt\/wp-json\/wp\/v2\/posts"}],"about":[{"href":"https:\/\/www.europesays.com\/pt\/wp-json\/wp\/v2\/types\/post"}],"author":[{"embeddable":true,"href":"https:\/\/www.europesays.com\/pt\/wp-json\/wp\/v2\/users\/2"}],"replies":[{"embeddable":true,"href":"https:\/\/www.europesays.com\/pt\/wp-json\/wp\/v2\/comments?post=116742"}],"version-history":[{"count":0,"href":"https:\/\/www.europesays.com\/pt\/wp-json\/wp\/v2\/posts\/116742\/revisions"}],"wp:featuredmedia":[{"embeddable":true,"href":"https:\/\/www.europesays.com\/pt\/wp-json\/wp\/v2\/media\/116743"}],"wp:attachment":[{"href":"https:\/\/www.europesays.com\/pt\/wp-json\/wp\/v2\/media?parent=116742"}],"wp:term":[{"taxonomy":"category","embeddable":true,"href":"https:\/\/www.europesays.com\/pt\/wp-json\/wp\/v2\/categories?post=116742"},{"taxonomy":"post_tag","embeddable":true,"href":"https:\/\/www.europesays.com\/pt\/wp-json\/wp\/v2\/tags?post=116742"}],"curies":[{"name":"wp","href":"https:\/\/api.w.org\/{rel}","templated":true}]}}