{"id":116760,"date":"2025-10-19T02:33:29","date_gmt":"2025-10-19T02:33:29","guid":{"rendered":"https:\/\/www.europesays.com\/pt\/116760\/"},"modified":"2025-10-19T02:33:29","modified_gmt":"2025-10-19T02:33:29","slug":"quanto-se-ganha-nas-profissoes-com-mais-saida-no-mercado-sem-premios-de-produtividade","status":"publish","type":"post","link":"https:\/\/www.europesays.com\/pt\/116760\/","title":{"rendered":"Quanto se ganha nas profiss\u00f5es com mais sa\u00edda no mercado (sem pr\u00e9mios de produtividade)?"},"content":{"rendered":"<p class=\"texto\">Resili\u00eancia \u00e9 a palavra que continua a caracterizar a economia nacional e o mercado de trabalho em Portugal, num cen\u00e1rio global marcado pela incerteza geopol\u00edtica, a volatilidade das economias e a acelera\u00e7\u00e3o tecnol\u00f3gica, que colocam desafios \u00e0s empresas. Portugal vem renovando recordes no emprego, com a popula\u00e7\u00e3o empregada a atingir em agosto quase 5,3 milh\u00f5es de indiv\u00edduos, segundo o Instituto Nacional de Estat\u00edstica (INE). E o desemprego mant\u00e9m-se em n\u00edveis historicamente baixos, nos 6,1%. Isso coloca os empregadores nacio\u00adnais perante o desafio crescente de atrair e recrutar trabalhadores qualificados. <\/p>\n<p><a href=\"https:\/\/expresso.pt\/subscrever?action=GEN&amp;channel=VID&amp;type=CAP&amp;source=WEB&amp;returnUrl=https:\/\/expresso.pt\/economia\/emprego\/2025-10-18-quanto-se-ganha-nas-profissoes-com-mais-saida-no-mercado--sem-premios-de-produtividade---fcce2249&amp;utm_source=expresso&amp;utm_medium=locked_article&amp;locked=true&amp;article_id=4e683ce9-2b9e-4b83-910f-6b04acf0cc08&amp;author_id=C\u00e1tia+Mateus&amp;category=Emprego\" target=\"_self\" class=\"\" rel=\"nofollow noopener\">Subscrever<\/a>J\u00e1 \u00e9 Subscritor?Fa\u00e7a login e continue a ler<a href=\"http:\/\/expresso.pt\/codigo?redirectUrl=https:\/\/expresso.pt\/economia\/emprego\/2025-10-18-quanto-se-ganha-nas-profissoes-com-mais-saida-no-mercado--sem-premios-de-produtividade---fcce2249\" target=\"_self\" class=\"\" rel=\"nofollow noopener\">Inserir C\u00f3digo<\/a>Comprou o Expresso?Insira o c\u00f3digo presente na Revista E para continuar a ler<\/p>\n","protected":false},"excerpt":{"rendered":"Resili\u00eancia \u00e9 a palavra que continua a caracterizar a economia nacional e o mercado de trabalho em Portugal,&hellip;\n","protected":false},"author":2,"featured_media":116761,"comment_status":"","ping_status":"","sticky":false,"template":"","format":"standard","meta":{"footnotes":""},"categories":[8],"tags":[27,28,15,16,14,25,26,21,22,12,13,19,20,32,23,24,33,17,18,29,30,31],"class_list":{"0":"post-116760","1":"post","2":"type-post","3":"status-publish","4":"format-standard","5":"has-post-thumbnail","7":"category-principais-noticias","8":"tag-breaking-news","9":"tag-breakingnews","10":"tag-featured-news","11":"tag-featurednews","12":"tag-headlines","13":"tag-latest-news","14":"tag-latestnews","15":"tag-main-news","16":"tag-mainnews","17":"tag-news","18":"tag-noticias","19":"tag-noticias-principais","20":"tag-noticiasprincipais","21":"tag-portugal","22":"tag-principais-noticias","23":"tag-principaisnoticias","24":"tag-pt","25":"tag-top-stories","26":"tag-topstories","27":"tag-ultimas","28":"tag-ultimas-noticias","29":"tag-ultimasnoticias"},"share_on_mastodon":{"url":"","error":""},"_links":{"self":[{"href":"https:\/\/www.europesays.com\/pt\/wp-json\/wp\/v2\/posts\/116760","targetHints":{"allow":["GET"]}}],"collection":[{"href":"https:\/\/www.europesays.com\/pt\/wp-json\/wp\/v2\/posts"}],"about":[{"href":"https:\/\/www.europesays.com\/pt\/wp-json\/wp\/v2\/types\/post"}],"author":[{"embeddable":true,"href":"https:\/\/www.europesays.com\/pt\/wp-json\/wp\/v2\/users\/2"}],"replies":[{"embeddable":true,"href":"https:\/\/www.europesays.com\/pt\/wp-json\/wp\/v2\/comments?post=116760"}],"version-history":[{"count":0,"href":"https:\/\/www.europesays.com\/pt\/wp-json\/wp\/v2\/posts\/116760\/revisions"}],"wp:featuredmedia":[{"embeddable":true,"href":"https:\/\/www.europesays.com\/pt\/wp-json\/wp\/v2\/media\/116761"}],"wp:attachment":[{"href":"https:\/\/www.europesays.com\/pt\/wp-json\/wp\/v2\/media?parent=116760"}],"wp:term":[{"taxonomy":"category","embeddable":true,"href":"https:\/\/www.europesays.com\/pt\/wp-json\/wp\/v2\/categories?post=116760"},{"taxonomy":"post_tag","embeddable":true,"href":"https:\/\/www.europesays.com\/pt\/wp-json\/wp\/v2\/tags?post=116760"}],"curies":[{"name":"wp","href":"https:\/\/api.w.org\/{rel}","templated":true}]}}