{"id":116762,"date":"2025-10-19T02:34:08","date_gmt":"2025-10-19T02:34:08","guid":{"rendered":"https:\/\/www.europesays.com\/pt\/116762\/"},"modified":"2025-10-19T02:34:08","modified_gmt":"2025-10-19T02:34:08","slug":"sbt-tv-luana-piovani-se-pronuncia-apos-derrota-na-justica-em-processos-contra-neymar","status":"publish","type":"post","link":"https:\/\/www.europesays.com\/pt\/116762\/","title":{"rendered":"SBT TV | Luana Piovani se pronuncia ap\u00f3s derrota na Justi\u00e7a em processos contra Neymar"},"content":{"rendered":"<p><strong>Luana Piovani <\/strong>se pronunciou nesta sexta-feira (17) ap\u00f3s ser condenada por inj\u00faria em um dos processos movidos por <strong>Neymar Jr.<\/strong> Em v\u00eddeo publicado nas redes sociais, a apresentadora ironizou a situa\u00e7\u00e3o e ressaltou que, apesar do resultado, perdeu apenas uma das duas a\u00e7\u00f5es movidas pelo jogador. &#8220;T\u00e1 tudo sob controle&#8221;, afirmou com bom humor.<\/p>\n<p>Nos stories, Luana apareceu exibindo o novo visual e brincou: &#8220;Olha o meu estado, o cabelo t\u00e1 bom demais, rosa!&#8221;. Ela contou ainda que passou por uma &#8220;esb\u00f3rnia&#8221; na noite anterior, quando a not\u00edcia da decis\u00e3o judicial veio \u00e0 tona. &#8220;T\u00e1 todo mundo preocupado comigo, mas n\u00e3o precisa, n\u00e3o. Vou colocar a resposta do meu advogado, o chiqu\u00e9rrimo doutor Augusto. E queria lembr\u00e1-los de que foram dois processos, e eu perdi s\u00f3 um, t\u00e1? T\u00e1 tudo sob controle&#8221;, declarou.<\/p>\n<p>Em seguida, a artista compartilhou uma nota de sua equipe jur\u00eddica, informando que o processo tramita em segredo de Justi\u00e7a, a pedido dos advogados de Neymar. A decis\u00e3o foi parcialmente procedente, o que significa que o juiz acatou apenas parte das acusa\u00e7\u00f5es feitas contra a apresentadora.<\/p>\n<p><strong><a href=\"https:\/\/tv.sbt.com.br\/programas\/jornalismo\/fofocalizando\/noticia\/285027-maira-cardi-revela-que-nao-faz-mais-publicidades-e-explica-o-motivo\" class=\"link_sbttv\" rel=\"nofollow noopener\" target=\"_blank\">+ Ma\u00edra Cardi revela que n\u00e3o faz mais publicidades e explica o motivo<\/a><\/strong><\/p>\n","protected":false},"excerpt":{"rendered":"Luana Piovani se pronunciou nesta sexta-feira (17) ap\u00f3s ser condenada por inj\u00faria em um dos processos movidos por&hellip;\n","protected":false},"author":2,"featured_media":116763,"comment_status":"","ping_status":"","sticky":false,"template":"","format":"standard","meta":{"footnotes":""},"categories":[145],"tags":[211,210,114,115,972,25914,1996,25915,32,33,936],"class_list":{"0":"post-116762","1":"post","2":"type-post","3":"status-publish","4":"format-standard","5":"has-post-thumbnail","7":"category-celebridades","8":"tag-celebridades","9":"tag-celebrities","10":"tag-entertainment","11":"tag-entretenimento","12":"tag-fofocalizando","13":"tag-luana","14":"tag-neymar","15":"tag-piovani","16":"tag-portugal","17":"tag-pt","18":"tag-sbt"},"share_on_mastodon":{"url":"","error":""},"_links":{"self":[{"href":"https:\/\/www.europesays.com\/pt\/wp-json\/wp\/v2\/posts\/116762","targetHints":{"allow":["GET"]}}],"collection":[{"href":"https:\/\/www.europesays.com\/pt\/wp-json\/wp\/v2\/posts"}],"about":[{"href":"https:\/\/www.europesays.com\/pt\/wp-json\/wp\/v2\/types\/post"}],"author":[{"embeddable":true,"href":"https:\/\/www.europesays.com\/pt\/wp-json\/wp\/v2\/users\/2"}],"replies":[{"embeddable":true,"href":"https:\/\/www.europesays.com\/pt\/wp-json\/wp\/v2\/comments?post=116762"}],"version-history":[{"count":0,"href":"https:\/\/www.europesays.com\/pt\/wp-json\/wp\/v2\/posts\/116762\/revisions"}],"wp:featuredmedia":[{"embeddable":true,"href":"https:\/\/www.europesays.com\/pt\/wp-json\/wp\/v2\/media\/116763"}],"wp:attachment":[{"href":"https:\/\/www.europesays.com\/pt\/wp-json\/wp\/v2\/media?parent=116762"}],"wp:term":[{"taxonomy":"category","embeddable":true,"href":"https:\/\/www.europesays.com\/pt\/wp-json\/wp\/v2\/categories?post=116762"},{"taxonomy":"post_tag","embeddable":true,"href":"https:\/\/www.europesays.com\/pt\/wp-json\/wp\/v2\/tags?post=116762"}],"curies":[{"name":"wp","href":"https:\/\/api.w.org\/{rel}","templated":true}]}}