{"id":116766,"date":"2025-10-19T02:40:18","date_gmt":"2025-10-19T02:40:18","guid":{"rendered":"https:\/\/www.europesays.com\/pt\/116766\/"},"modified":"2025-10-19T02:40:18","modified_gmt":"2025-10-19T02:40:18","slug":"vitoria-fc-inova-e-lanca-campanha-para-socios-que-poderao-beneficiar-de-uma-venda-futura-de-catarino-entende-o-caso","status":"publish","type":"post","link":"https:\/\/www.europesays.com\/pt\/116766\/","title":{"rendered":"Vit\u00f3ria FC inova e lan\u00e7a campanha para s\u00f3cios que poder\u00e3o beneficiar de uma venda futura de Catarino: entende o caso"},"content":{"rendered":"<p>&#8211; Advertisement &#8211;<\/p>\n<p><strong>O Vit\u00f3ria FC quer captar novos s\u00f3cios. Catarino, avan\u00e7ado do conjunto sadino, passar\u00e1 a ter os direitos desportivos nas m\u00e3os dos adeptos do clube. <\/strong><\/p>\n<p>O Vit\u00f3ria FC pretende atrair novos s\u00f3cios para o clube e inovou nesta campanha. Osnovos s\u00f3cios do clube ter\u00e3o direito a uma percentagem dos direitos desportivos de Pedro Catarino, avan\u00e7ado do clube. Numa futura venda do jogador de 25 anos, os s\u00f3cios receber\u00e3o parte do dinheiro da transfer\u00eancia. <\/p>\n<p>\u00abQue adepto de futebol nunca sonhou em ter os direitos desportivos de um jogador? Esse sonho pode agora tornar-se realidade gra\u00e7as \u00e0 mais recente iniciativa de angaria\u00e7\u00e3o de s\u00f3cios do Vit\u00f3ria Futebol Clube. A campanha, que entra em vigor no imediato, pretende captar novos s\u00f3cios para o clube, cedendo os direitos desportivos do jogador Catarino, uma das estrelas do clube, aos atuais e novos s\u00f3cios constitu\u00eddos at\u00e9 ao final de 2025. Qualquer venda futura do jogador ter\u00e1 todos os s\u00f3cios constitu\u00eddos at\u00e9 ao final do ano como benefici\u00e1rios\u00bb, explica o emblema sadino.<\/p>\n<p>O Vit\u00f3ria FC procura reerguer-se e est\u00e1 na Primeira Divis\u00e3o da AF Set\u00fabal, com duas vit\u00f3rias em dois jogos. Catarino est\u00e1 a cumprir a terceira \u00e9poca no clube e soma at\u00e9 ao momento cinco golos em seis partidas nesta temporada. <\/p>\n<p><a href=\"https:\/\/bolanarede.pt\/etiqueta\/vitoria-fc\/\" target=\"_blank\" rel=\"noreferrer noopener nofollow\">Acompanha a atualidade do Vit\u00f3ria FC.<\/a><\/p>\n","protected":false},"excerpt":{"rendered":"&#8211; Advertisement &#8211; O Vit\u00f3ria FC quer captar novos s\u00f3cios. Catarino, avan\u00e7ado do conjunto sadino, passar\u00e1 a ter&hellip;\n","protected":false},"author":2,"featured_media":116767,"comment_status":"","ping_status":"","sticky":false,"template":"","format":"standard","meta":{"footnotes":""},"categories":[87],"tags":[27354,260,27355,135,32,33,134,27356],"class_list":{"0":"post-116766","1":"post","2":"type-post","3":"status-publish","4":"format-standard","5":"has-post-thumbnail","7":"category-desporto","8":"tag-af-setubal","9":"tag-atualidade","10":"tag-catarino","11":"tag-desporto","12":"tag-portugal","13":"tag-pt","14":"tag-sports","15":"tag-vitoria-fc"},"share_on_mastodon":{"url":"","error":""},"_links":{"self":[{"href":"https:\/\/www.europesays.com\/pt\/wp-json\/wp\/v2\/posts\/116766","targetHints":{"allow":["GET"]}}],"collection":[{"href":"https:\/\/www.europesays.com\/pt\/wp-json\/wp\/v2\/posts"}],"about":[{"href":"https:\/\/www.europesays.com\/pt\/wp-json\/wp\/v2\/types\/post"}],"author":[{"embeddable":true,"href":"https:\/\/www.europesays.com\/pt\/wp-json\/wp\/v2\/users\/2"}],"replies":[{"embeddable":true,"href":"https:\/\/www.europesays.com\/pt\/wp-json\/wp\/v2\/comments?post=116766"}],"version-history":[{"count":0,"href":"https:\/\/www.europesays.com\/pt\/wp-json\/wp\/v2\/posts\/116766\/revisions"}],"wp:featuredmedia":[{"embeddable":true,"href":"https:\/\/www.europesays.com\/pt\/wp-json\/wp\/v2\/media\/116767"}],"wp:attachment":[{"href":"https:\/\/www.europesays.com\/pt\/wp-json\/wp\/v2\/media?parent=116766"}],"wp:term":[{"taxonomy":"category","embeddable":true,"href":"https:\/\/www.europesays.com\/pt\/wp-json\/wp\/v2\/categories?post=116766"},{"taxonomy":"post_tag","embeddable":true,"href":"https:\/\/www.europesays.com\/pt\/wp-json\/wp\/v2\/tags?post=116766"}],"curies":[{"name":"wp","href":"https:\/\/api.w.org\/{rel}","templated":true}]}}