{"id":116768,"date":"2025-10-19T02:43:16","date_gmt":"2025-10-19T02:43:16","guid":{"rendered":"https:\/\/www.europesays.com\/pt\/116768\/"},"modified":"2025-10-19T02:43:16","modified_gmt":"2025-10-19T02:43:16","slug":"o-que-esperar-dos-celulares-de-2026","status":"publish","type":"post","link":"https:\/\/www.europesays.com\/pt\/116768\/","title":{"rendered":"O que esperar dos celulares de 2026"},"content":{"rendered":"<p>O mercado de smartphones, em sua caracter\u00edstica velocidade, j\u00e1 aponta suas luzes para 2026. \u00c9 algo natural e que sempre aconteceu. O foco sempre \u00e9 no <strong>futuro<\/strong>. E o que se v\u00ea no horizonte s\u00e3o melhorias do que j\u00e1 temos hoje em nossos aparelhos. Seja qual for o caso, as mudan\u00e7as prometem ser significativas. A seguir, veja um panorama claro e objetivo das <strong>inova\u00e7\u00f5es<\/strong> que devem marcas a pr\u00f3xima gera\u00e7\u00e3o de celulares.<\/p>\n<p><strong>Conectividade via Sat\u00e9lite<\/strong><\/p>\n<p>Aquele velho problema de ficar sem sinal em \u00e1reas remotas ou durante uma viagem est\u00e1 com os dias contados. A conectividade via sat\u00e9lite, que j\u00e1 em celulares mais recentes no mercado, se tornar\u00e1 um recurso ainda mais marcente em 2026.<\/p>\n<p>Com empresas como a <strong>Starlink<\/strong> e a pr\u00f3pria<strong> Apple <\/strong>investindo pesado na tecnologia, a promessa \u00e9 de se torne algo popular no futuro. E eu n\u00e3o falo que isso j\u00e1 aconte\u00e7a em 2026, mas que ocorra, pelo menos, de uma forma mais abrangente.<\/p>\n<p>Para quem n\u00e3o sabe, a <strong>conectividade via sat\u00e9lite<\/strong> permite enviar mensagens, acessar mapas e outras coisas sem a necessidade de estar conectado \u00e0 internet. Para ser mais exato, pode at\u00e9 mesmo fazer tudo isso em locais onde antes era imposs\u00edvel.<\/p>\n<p>            &#13;<br \/>\n                    &#13;<br \/>\n                        &#13;<br \/>\n                        &#13;<br \/>\n                        &#13;<br \/>\n                        &#13;<br \/>\n                        <img decoding=\"async\" loading=\"lazy\" width=\"330\" height=\"198\" src=\"https:\/\/www.europesays.com\/pt\/wp-content\/uploads\/2025\/10\/satelite.jpg\"  alt=\"Celulares com conectividade via sat\u00e9lite ser\u00e3o ainda mais populares.\" title=\"Celulares com conectividade via sat\u00e9lite ser\u00e3o ainda mais populares.\"\/>&#13;<br \/>\n                    Celulares com conectividade via sat\u00e9lite ser\u00e3o ainda mais populares.&#13;<\/p>\n<p><strong>Baterias com maior capacidade<\/strong><\/p>\n<p>Desde que as baterias de<strong> sil\u00edcio carbono<\/strong> chegaram no mercado, smartphones est\u00e3o cada vez com capacidades maiores dentro de um design mais fino e slim. Hoje, empresas como a <a class=\"lib tg-lib\" href=\"https:\/\/www.oficinadanet.com.br\/motorola\" rel=\"nofollow noopener\" target=\"_blank\">Motorola<\/a> e a Realme j\u00e1 usam a novidade, que deve ganhar for\u00e7a not\u00f3ria em 2026. Uma tecnologia que, sem sombra de d\u00favidas, veio para ficar.<\/p>\n<p>Para se ter uma ideia, o Motorola <a class=\"lib tg-lib\" href=\"https:\/\/www.oficinadanet.com.br\/smartphones\/motorola-edge-60\" rel=\"nofollow noopener\" target=\"_blank\">Edge 60<\/a> Pro usa uma super bateria de 6.000 mAh dentro de um corpo de apenas 8.2 mm de espessura. J\u00e1 a<strong> Realme <\/strong>revelou recentemente um<a class=\"tg-link-manual\" href=\"https:\/\/www.oficinadanet.com.br\/realme\/61465-realme-bateria-10000-mah-celular\" rel=\"nofollow noopener\" target=\"_blank\"> conceito de um celular com bateria de sil\u00edcio que tem 10.000 mAh<\/a> de capacidade em um corpo tamb\u00e9m com a mesma espessura do celular citado acima.<\/p>\n<p>            &#13;<br \/>\n                    &#13;<br \/>\n                        &#13;<br \/>\n                        &#13;<br \/>\n                        &#13;<br \/>\n                        &#13;<br \/>\n                        <img decoding=\"async\" loading=\"lazy\" width=\"330\" height=\"186\" src=\"https:\/\/www.europesays.com\/pt\/wp-content\/uploads\/2025\/10\/silicio-carbono.jpg\"  alt=\"A tecnologia de bateria de sil\u00edcio-carbono estar\u00e1 ainda mais presente nos celulares em 2026.\" title=\"A tecnologia de bateria de sil\u00edcio-carbono estar\u00e1 ainda mais presente nos celulares em 2026.\"\/>&#13;<br \/>\n                    A tecnologia de bateria de sil\u00edcio-carbono estar\u00e1 ainda mais presente nos celulares em 2026. &#13;<\/p>\n<p>Outro ponto que tira o sono de qualquer usu\u00e1rio \u00e9 a autonomia da bateria. Nesse sentido, a as baterias de sil\u00edcio-carbono combinadas com um<strong> sistema operacional otimizado<\/strong> e um processador econ\u00f4mico em termos de energia garantir\u00e3o uma autonomia ainda melhor. Al\u00e9m disso, veremos celulares indo de 0 a 100% em quest\u00e3o de poucos minutos, talvez em menos de 15 minutos.<\/p>\n<p><strong>Android mais leve <\/strong><\/p>\n<p>Se antes o<strong> iOS<\/strong> roubava a cena como sistema operacional mais leve e repleto de recursos, o <a class=\"lib tg-lib\" href=\"https:\/\/www.oficinadanet.com.br\/android\" rel=\"nofollow noopener\" target=\"_blank\">Android<\/a> evoluiu. E muito. A tend\u00eancia \u00e9 que o <strong>Android<\/strong> se torne cada vez mais leve e modular, otimizando o consumo de recursos e garantindo uma performance fluida at\u00e9 mesmo em aparelhos intermedi\u00e1rios.<\/p>\n<p>O<strong> Google<\/strong> tem feito ajustes que tamb\u00e9m favorecem a integra\u00e7\u00e3o com <a class=\"lib tg-lib\" href=\"https:\/\/www.oficinadanet.com.br\/inteligencia-artificial\" rel=\"nofollow noopener\" target=\"_blank\">intelig\u00eancia artificial<\/a>, ser\u00e1 ainda mais profunda. Em vez de apenas responder a comandos, o sistema antecipar\u00e1 as necessidades do usu\u00e1rio, automatizando tarefas e oferecendo sugest\u00f5es proativas. Hoje, alguns modelos j\u00e1 fazem isso, mas provavelmente tal recurso ganhar\u00e1 melhorias no pr\u00f3ximo ano.<\/p>\n<p>A interface do sistema tamb\u00e9m estar\u00e1 bem mais intuitiva e mais segura do que nunca. Nesse sentido, ali\u00e1s, o Android 16 adicionar\u00e1 <strong>novas camadas de prote\u00e7\u00e3o <\/strong>para deixar tudo mais seguro. Mesmo que invasores descubram a sua senha, ele n\u00e3o conseguir\u00e1 acessar alguns aplicativos que estar\u00e3o &#8220;guardados \u00e0 sete chaves&#8221;.<\/p>\n<p><strong>Processadores ainda mais poderosos<\/strong><\/p>\n<p>Por fim, o c\u00e9rebro dos smartphones, os processadores, estar\u00e3o mais potentes do que nunca. A grande virada, no entanto, n\u00e3o ser\u00e1 apenas na velocidade bruta, mas na capacidade de processamento neural.<\/p>\n<p>O processador <strong>Snapragon 8 Elite Gen 5<\/strong>, lan\u00e7ado \u00e0 pouco, tem tudo para fazer sucesso no pr\u00f3ximo ano. Ele ser\u00e1 um dos chips mais usados em celulares premium, inclusive j\u00e1 no Galaxy S26 Ultra. Al\u00e9m disso, o<strong> Exynos 2600<\/strong> da <a class=\"lib tg-lib\" href=\"https:\/\/www.oficinadanet.com.br\/samsung\" rel=\"nofollow noopener\" target=\"_blank\">Samsung<\/a> tamb\u00e9m promete avan\u00e7os significativos frente \u00e0 gera\u00e7\u00e3o atual.<\/p>\n<p>Os novos chips trar\u00e3o unidades dedicadas \u00e0 intelig\u00eancia artificial muito mais avan\u00e7adas, permitindo recursos de fotografia computacional em tempo real, tradu\u00e7\u00e3o simult\u00e2nea de voz e v\u00eddeo, e assistentes virtuais que compreendem contextos complexos. Com isso, a experi\u00eancia de uso se tornar\u00e1 imensamente mais personalizada e intuitiva.<\/p>\n","protected":false},"excerpt":{"rendered":"O mercado de smartphones, em sua caracter\u00edstica velocidade, j\u00e1 aponta suas luzes para 2026. \u00c9 algo natural e&hellip;\n","protected":false},"author":2,"featured_media":116769,"comment_status":"","ping_status":"","sticky":false,"template":"","format":"standard","meta":{"footnotes":""},"categories":[84],"tags":[11126,109,107,108,13,32,33,105,103,104,954,106,110],"class_list":{"0":"post-116768","1":"post","2":"type-post","3":"status-publish","4":"format-standard","5":"has-post-thumbnail","7":"category-ciencia-e-tecnologia","8":"tag-artigos","9":"tag-ciencia","10":"tag-ciencia-e-tecnologia","11":"tag-cienciaetecnologia","12":"tag-noticias","13":"tag-portugal","14":"tag-pt","15":"tag-science","16":"tag-science-and-technology","17":"tag-scienceandtechnology","18":"tag-smartphones","19":"tag-technology","20":"tag-tecnologia"},"share_on_mastodon":{"url":"","error":""},"_links":{"self":[{"href":"https:\/\/www.europesays.com\/pt\/wp-json\/wp\/v2\/posts\/116768","targetHints":{"allow":["GET"]}}],"collection":[{"href":"https:\/\/www.europesays.com\/pt\/wp-json\/wp\/v2\/posts"}],"about":[{"href":"https:\/\/www.europesays.com\/pt\/wp-json\/wp\/v2\/types\/post"}],"author":[{"embeddable":true,"href":"https:\/\/www.europesays.com\/pt\/wp-json\/wp\/v2\/users\/2"}],"replies":[{"embeddable":true,"href":"https:\/\/www.europesays.com\/pt\/wp-json\/wp\/v2\/comments?post=116768"}],"version-history":[{"count":0,"href":"https:\/\/www.europesays.com\/pt\/wp-json\/wp\/v2\/posts\/116768\/revisions"}],"wp:featuredmedia":[{"embeddable":true,"href":"https:\/\/www.europesays.com\/pt\/wp-json\/wp\/v2\/media\/116769"}],"wp:attachment":[{"href":"https:\/\/www.europesays.com\/pt\/wp-json\/wp\/v2\/media?parent=116768"}],"wp:term":[{"taxonomy":"category","embeddable":true,"href":"https:\/\/www.europesays.com\/pt\/wp-json\/wp\/v2\/categories?post=116768"},{"taxonomy":"post_tag","embeddable":true,"href":"https:\/\/www.europesays.com\/pt\/wp-json\/wp\/v2\/tags?post=116768"}],"curies":[{"name":"wp","href":"https:\/\/api.w.org\/{rel}","templated":true}]}}