{"id":116770,"date":"2025-10-19T02:46:19","date_gmt":"2025-10-19T02:46:19","guid":{"rendered":"https:\/\/www.europesays.com\/pt\/116770\/"},"modified":"2025-10-19T02:46:19","modified_gmt":"2025-10-19T02:46:19","slug":"antigo-vice-presidente-do-chega-reforca-acusacoes-de-narcisismo-a-ventura-e-diz-que-qualquer-dia-ha-pancadaria-na-bancada-do-partido","status":"publish","type":"post","link":"https:\/\/www.europesays.com\/pt\/116770\/","title":{"rendered":"Antigo vice-presidente do Chega refor\u00e7a acusa\u00e7\u00f5es de &#8220;narcisismo&#8221; a Ventura e diz que &#8220;qualquer dia h\u00e1 pancadaria&#8221; na bancada do partido"},"content":{"rendered":"<p>\t                Em entrevista \u00e0 CNN Portugal, Gabriel Mith\u00e1 Ribeiro, que abandonou o cargo de deputado nesta legislatura, descreve tamb\u00e9m um &#8220;caso claro de abuso de poder&#8221; nos bastidores do partido de Andr\u00e9 Ventura<\/p>\n<p>Gabriel Mith\u00e1 Ribeiro, o deputado que se desfiliou do Chega e que acusou o seu l\u00edder de ser um &#8220;predador&#8221; &#8220;narciso&#8221;, refor\u00e7ou as cr\u00edticas a Andr\u00e9 Ventura na CNN Portugal, sublinhando que a sua sa\u00edda provocou uma &#8220;fragmenta\u00e7\u00e3o&#8221; dentro do segundo maior partido da Assembleia da Rep\u00fablica.<\/p>\n<p>Desde o artigo que escreveu no Observador, em que descreveu Ventura como tendo uma &#8220;puls\u00e3o autocr\u00e1tica destrutiva&#8221;, que diz ser &#8220;um tra\u00e7o de personalidade imposs\u00edvel de o tornar um governante respons\u00e1vel&#8221;, Gabriel Mith\u00e1 destaca que tem recebido &#8220;muitas mensagens de apoio&#8221;, mas acusa um vice-presidente de o ter insultado com &#8220;mensagens irracionais&#8221;. &#8220;Estou a sacrificar sair do Parlamento porque na vida c\u00edvica serei mais \u00fatil do que fazer um papel figurativo no Parlamento&#8221;, apontou.\u00a0<\/p>\n<p>Numa entrevista em que descreveu Ventura como &#8220;narciso&#8221; e comparou-o v\u00e1rias vezes a Jos\u00e9 S\u00f3crates, Mith\u00e1 Ribeiro disse que abandonou o seu cargo por ter sido &#8220;silenciado&#8221; em v\u00e1rios temas que, refere, s\u00e3o a sua especialidade &#8211; &#8220;a educa\u00e7\u00e3o, a quest\u00e3o racial e a moral social&#8221;. &#8220;Ventura fica fechado em dois temas e de l\u00e1 n\u00e3o sai (&#8230;) se tivesse\u00a0outro tipo de personalidade, provavelmente o Chega teria um futuro mais s\u00f3lido&#8221;.<\/p>\n<p>O tamb\u00e9m antigo vice-presidente do Chega conta que uma das realiza\u00e7\u00f5es que teve sobre a psique de Ventura aconteceu durante a elabora\u00e7\u00e3o do programa eleitoral de maio de 2021 no seio do Gabinete de Estudos do partido. &#8220;Prepar\u00e1mos o programa pol\u00edtico e foi desautorizado sem a m\u00ednima justifica\u00e7\u00e3o de Andr\u00e9 Ventura&#8221;.<\/p>\n<p>&#8220;Talvez o \u00fanico org\u00e3o aut\u00f3nomo foi alvo de uma persegui\u00e7\u00e3o s\u00e9ria e isso teve muitas consequ\u00eancias&#8221;, garantiu, acrescentando que considerou esse epis\u00f3dio um &#8220;caso claro de abuso de poder&#8221;.\u00a0<\/p>\n<p>Mith\u00e1 Ribeiro, que na \u00faltima legislatura desempenhou o papel de secret\u00e1rio da Mesa da Assembleia da Rep\u00fablica, aponta tamb\u00e9m cr\u00edticas ao comportamento dos deputados do Chega, considerando que &#8220;h\u00e1\u00a0pessoas no grupo parlamentar que se comportam muito mal e aquilo contamina a imagem de todos&#8221;. Mas, refere, &#8220;se aquelas pessoas se comportam mal \u00e9 um reflexo do caos narc\u00edsico do l\u00edder do Chega&#8221;.\u00a0<\/p>\n<p>O ambiente, vivido no Parlamento, sublinha, assemelha-se a uma sala de aula &#8220;em que qualquer dia h\u00e1 pancadaria&#8221;. &#8220;O Chega n\u00e3o amadureceu em termos de atitudes c\u00edvicas&#8221;.<\/p>\n<p>As declara\u00e7\u00f5es surgiram horas depois de o l\u00edder do Chega ter recusado comentar as cr\u00edticas do ex-deputado Mith\u00e1 Ribeiro.\u00a0\u201cEu s\u00f3 n\u00e3o quero alimentar muito isto, nem fazer grandes coment\u00e1rios, eu fico s\u00f3 triste. Eu vejo a pol\u00edtica como um servi\u00e7o e n\u00e3o como uma disputa de lugares. Quando as pessoas dizem que ficaram muito chateadas ou muito tristes porque n\u00e3o tiveram um determinado lugar, \u00e9 completamente ao contr\u00e1rio do que eu vejo a pol\u00edtica\u201d, afirmou, considerando que \u201ca pol\u00edtica n\u00e3o pode ser um exerc\u00edcio de querer lugares, seja no governo-sombra, seja noutro qualquer\u201d.<\/p>\n<p>O presidente do Chega salientou que \u201ca pol\u00edtica n\u00e3o pode ser uma luta por tachos, nem por lugares, tem que ser uma luta para exercer um servi\u00e7o em prol da causa p\u00fablica e um servi\u00e7o pelas pessoas\u201d.\u00a0<\/p>\n","protected":false},"excerpt":{"rendered":"Em entrevista \u00e0 CNN Portugal, Gabriel Mith\u00e1 Ribeiro, que abandonou o cargo de deputado nesta legislatura, descreve tamb\u00e9m&hellip;\n","protected":false},"author":2,"featured_media":116771,"comment_status":"","ping_status":"","sticky":false,"template":"","format":"standard","meta":{"footnotes":""},"categories":[10],"tags":[7144,609,836,3386,611,27,28,1736,607,608,333,832,604,135,610,476,741,15,16,26899,301,830,14,603,25,26,570,21,22,831,833,62,834,12,13,19,20,835,602,52,32,23,24,33,17,18,29,30,31],"class_list":{"0":"post-116770","1":"post","2":"type-post","3":"status-publish","4":"format-standard","5":"has-post-thumbnail","7":"category-portugal","8":"tag-acusacoes","9":"tag-alerta","10":"tag-analise","11":"tag-andre-ventura","12":"tag-ao-minuto","13":"tag-breaking-news","14":"tag-breakingnews","15":"tag-chega","16":"tag-cnn","17":"tag-cnn-portugal","18":"tag-comentadores","19":"tag-costa","20":"tag-crime","21":"tag-desporto","22":"tag-direto","23":"tag-economia","24":"tag-entrevista","25":"tag-featured-news","26":"tag-featurednews","27":"tag-gabriel-mitha-ribeiro","28":"tag-governo","29":"tag-guerra","30":"tag-headlines","31":"tag-justica","32":"tag-latest-news","33":"tag-latestnews","34":"tag-live","35":"tag-main-news","36":"tag-mainnews","37":"tag-mais-vistas","38":"tag-marcelo","39":"tag-mundo","40":"tag-negocios","41":"tag-news","42":"tag-noticias","43":"tag-noticias-principais","44":"tag-noticiasprincipais","45":"tag-opiniao","46":"tag-pais","47":"tag-politica","48":"tag-portugal","49":"tag-principais-noticias","50":"tag-principaisnoticias","51":"tag-pt","52":"tag-top-stories","53":"tag-topstories","54":"tag-ultimas","55":"tag-ultimas-noticias","56":"tag-ultimasnoticias"},"share_on_mastodon":{"url":"","error":""},"_links":{"self":[{"href":"https:\/\/www.europesays.com\/pt\/wp-json\/wp\/v2\/posts\/116770","targetHints":{"allow":["GET"]}}],"collection":[{"href":"https:\/\/www.europesays.com\/pt\/wp-json\/wp\/v2\/posts"}],"about":[{"href":"https:\/\/www.europesays.com\/pt\/wp-json\/wp\/v2\/types\/post"}],"author":[{"embeddable":true,"href":"https:\/\/www.europesays.com\/pt\/wp-json\/wp\/v2\/users\/2"}],"replies":[{"embeddable":true,"href":"https:\/\/www.europesays.com\/pt\/wp-json\/wp\/v2\/comments?post=116770"}],"version-history":[{"count":0,"href":"https:\/\/www.europesays.com\/pt\/wp-json\/wp\/v2\/posts\/116770\/revisions"}],"wp:featuredmedia":[{"embeddable":true,"href":"https:\/\/www.europesays.com\/pt\/wp-json\/wp\/v2\/media\/116771"}],"wp:attachment":[{"href":"https:\/\/www.europesays.com\/pt\/wp-json\/wp\/v2\/media?parent=116770"}],"wp:term":[{"taxonomy":"category","embeddable":true,"href":"https:\/\/www.europesays.com\/pt\/wp-json\/wp\/v2\/categories?post=116770"},{"taxonomy":"post_tag","embeddable":true,"href":"https:\/\/www.europesays.com\/pt\/wp-json\/wp\/v2\/tags?post=116770"}],"curies":[{"name":"wp","href":"https:\/\/api.w.org\/{rel}","templated":true}]}}