{"id":116784,"date":"2025-10-19T03:01:38","date_gmt":"2025-10-19T03:01:38","guid":{"rendered":"https:\/\/www.europesays.com\/pt\/116784\/"},"modified":"2025-10-19T03:01:38","modified_gmt":"2025-10-19T03:01:38","slug":"chuva-regressa-ja-na-proxima-semana-e-temperatura-tambem-vai-baixar","status":"publish","type":"post","link":"https:\/\/www.europesays.com\/pt\/116784\/","title":{"rendered":"Chuva regressa j\u00e1 na pr\u00f3xima semana (e temperatura tamb\u00e9m vai baixar)"},"content":{"rendered":"<p>A semana de 20 a 26 de outubro ser\u00e1 marcada por chuva e por uma descida da temperatura do ar, segundo a previs\u00e3o do Instituto Portugu\u00eas do Mar e da Atmosfera (IPMA).<\/p>\n<p>O organismo detalhou que, na pr\u00f3xima semana, \u201cprev\u00ea-se a ocorr\u00eancia de precipita\u00e7\u00e3o devido \u00e0 passagem de sucessivas ondula\u00e7\u00f5es frontais inseridas num fluxo do quadrante oeste\u201d.<\/p>\n<p>\u201cA precipita\u00e7\u00e3o ser\u00e1 mais frequente a norte do sistema montanhoso Montejunto-Estrela, podendo ser por vezes forte no Minho e Douro Litoral\u201d, l\u00ea-se, num comunicado divulgado na sexta-feira.<\/p>\n<p>J\u00e1 nas regi\u00f5es mais a sul, o IPMA adiantou que \u201chaver\u00e1 maior altern\u00e2ncia entre os per\u00edodos com e sem precipita\u00e7\u00e3o, sendo a precipita\u00e7\u00e3o em geral fraca no Baixo Alentejo e Algarve\u201d.<\/p>\n<p>No que diz respeito \u00e0 temperatura do ar, verificar-se-\u00e3o \u201cvalores inferiores aos que se t\u00eam registado at\u00e9 esta altura\u201d.<\/p>\n<p>\u201cEm todo o territ\u00f3rio a temperatura m\u00e1xima ir\u00e1 atingir valores entre 13 e 28 \u00b0C e a temperatura m\u00ednima ir\u00e1 variar entre 8 e 17 \u00b0C\u201d, disse.<\/p>\n<p>Recorde-se que, segundo disse a meteorologista \u00c2ngela Louren\u00e7o \u00e0 ag\u00eancia Lusa, \u201cdomingo ser\u00e1 um dia j\u00e1 com chuva praticamente em todo o territ\u00f3rio\u201d.<\/p>\n<p>&#8220;Com esta situa\u00e7\u00e3o, vamos ter uma descida da temperatura, principalmente da m\u00e1xima, no domingo. Em m\u00e9dia pode haver aqui valores entre 5 a 7 graus, podendo haver zonas do territ\u00f3rio nas zonas mais a norte com descidas at\u00e9 9 graus&#8221;, acrescentou.<\/p>\n<p>Nos A\u00e7ores, o cen\u00e1rio ser\u00e1 semelhante na maioria das ilhas, enquanto na Madeira a chuva chegar\u00e1 com for\u00e7a s\u00f3 a partir de quinta-feira. Ainda assim, as temperaturas m\u00e1ximas rondar\u00e3o os 14 e 19 \u00baC, ao passo que as m\u00ednimas ficar-se-\u00e3o pelos 10 a 12 \u00baC.<\/p>\n<p>                                                    <img decoding=\"async\" src=\"https:\/\/www.europesays.com\/pt\/wp-content\/uploads\/2025\/10\/naom_670af9cd8f662.jpg\" border=\"0\" alt=\"Chuva regressa a Portugal continental a partir de domingo\"\/><\/p>\n<p>A chuva vai regressar a Portugal continental a partir de domingo, dia em que as temperaturas m\u00e1ximas podem descer 05 a 07 graus Celsius, disse \u00e0 Lusa a meteorologista \u00c2ngela Louren\u00e7o.<\/p>\n<p>                                                     Lusa | 07:22 &#8211; 17\/10\/2025 <\/p>\n<p>Leia Tamb\u00e9m: <a href=\"https:\/\/www.noticiasaominuto.com\/pais\/2873004\/tres-concelhos-em-risco-maximo-de-incendio-e-cerca-de-100-em-perigo-muito-elevado\" target=\"_blank\" rel=\"noopener noreferrer nofollow\">Tr\u00eas concelhos em risco m\u00e1ximo de inc\u00eandio e cerca de 100 em perigo muito elevado<\/a><\/p>\n","protected":false},"excerpt":{"rendered":"A semana de 20 a 26 de outubro ser\u00e1 marcada por chuva e por uma descida da temperatura&hellip;\n","protected":false},"author":2,"featured_media":116785,"comment_status":"","ping_status":"","sticky":false,"template":"","format":"standard","meta":{"footnotes":""},"categories":[8],"tags":[27,28,15,16,14,25,26,21,22,12,13,19,20,32,23,24,33,17,18,29,30,31],"class_list":{"0":"post-116784","1":"post","2":"type-post","3":"status-publish","4":"format-standard","5":"has-post-thumbnail","7":"category-principais-noticias","8":"tag-breaking-news","9":"tag-breakingnews","10":"tag-featured-news","11":"tag-featurednews","12":"tag-headlines","13":"tag-latest-news","14":"tag-latestnews","15":"tag-main-news","16":"tag-mainnews","17":"tag-news","18":"tag-noticias","19":"tag-noticias-principais","20":"tag-noticiasprincipais","21":"tag-portugal","22":"tag-principais-noticias","23":"tag-principaisnoticias","24":"tag-pt","25":"tag-top-stories","26":"tag-topstories","27":"tag-ultimas","28":"tag-ultimas-noticias","29":"tag-ultimasnoticias"},"share_on_mastodon":{"url":"","error":""},"_links":{"self":[{"href":"https:\/\/www.europesays.com\/pt\/wp-json\/wp\/v2\/posts\/116784","targetHints":{"allow":["GET"]}}],"collection":[{"href":"https:\/\/www.europesays.com\/pt\/wp-json\/wp\/v2\/posts"}],"about":[{"href":"https:\/\/www.europesays.com\/pt\/wp-json\/wp\/v2\/types\/post"}],"author":[{"embeddable":true,"href":"https:\/\/www.europesays.com\/pt\/wp-json\/wp\/v2\/users\/2"}],"replies":[{"embeddable":true,"href":"https:\/\/www.europesays.com\/pt\/wp-json\/wp\/v2\/comments?post=116784"}],"version-history":[{"count":0,"href":"https:\/\/www.europesays.com\/pt\/wp-json\/wp\/v2\/posts\/116784\/revisions"}],"wp:featuredmedia":[{"embeddable":true,"href":"https:\/\/www.europesays.com\/pt\/wp-json\/wp\/v2\/media\/116785"}],"wp:attachment":[{"href":"https:\/\/www.europesays.com\/pt\/wp-json\/wp\/v2\/media?parent=116784"}],"wp:term":[{"taxonomy":"category","embeddable":true,"href":"https:\/\/www.europesays.com\/pt\/wp-json\/wp\/v2\/categories?post=116784"},{"taxonomy":"post_tag","embeddable":true,"href":"https:\/\/www.europesays.com\/pt\/wp-json\/wp\/v2\/tags?post=116784"}],"curies":[{"name":"wp","href":"https:\/\/api.w.org\/{rel}","templated":true}]}}