{"id":116788,"date":"2025-10-19T03:04:14","date_gmt":"2025-10-19T03:04:14","guid":{"rendered":"https:\/\/www.europesays.com\/pt\/116788\/"},"modified":"2025-10-19T03:04:14","modified_gmt":"2025-10-19T03:04:14","slug":"livro-inedito-revela-espiritualidade-agostiniana-de-leao-xiv","status":"publish","type":"post","link":"https:\/\/www.europesays.com\/pt\/116788\/","title":{"rendered":"Livro in\u00e9dito revela espiritualidade agostiniana de Le\u00e3o XIV"},"content":{"rendered":"<p style=\"text-align: justify; \">Um novo livro com textos in\u00e9ditos de Le\u00e3o XIV ser\u00e1 lan\u00e7ado em 2026 pela Livraria Editora Vaticana (LEV). Intitulado \u201cLivres sob a gra\u00e7a. Escritos e medita\u00e7\u00f5es 2001-2013\u201d, o volume re\u00fane reflex\u00f5es, homilias e discursos do atual Papa durante seu tempo como prior-geral da Ordem de Santo Agostinho.<\/p>\n<p style=\"text-align: justify; \">Sob o nome de Robert Francis Prevost OSA, Le\u00e3o XIV escreveu textos marcados pela espiritualidade agostiniana, centrada no amor a Deus e na vida comunit\u00e1ria. \u201cA voca\u00e7\u00e3o religiosa \u00e9, antes de qualquer outra coisa, uma aventura de amor com Deus\u201d, afirmou o Papa em uma de suas medita\u00e7\u00f5es.<\/p>\n<p style=\"text-align: justify;\">O livro oferece uma vis\u00e3o pr\u00f3xima de seu caminho espiritual, mostrando a coer\u00eancia entre o pensamento teol\u00f3gico e a viv\u00eancia pastoral que o acompanha at\u00e9 hoje como Pont\u00edfice.<\/p>\n<p>Temas que marcaram sua trajet\u00f3ria<\/p>\n<p style=\"text-align: justify;\">Segundo o Pe. Joseph Lawrence Farrell, atual prior-geral dos agostinianos, \u201co livro re\u00fane muitas das comunica\u00e7\u00f5es do ent\u00e3o prior Prevost, oferecendo uma vis\u00e3o ampla de temas desenvolvidos ao longo dos anos\u201d. As p\u00e1ginas incluem orienta\u00e7\u00f5es sobre discernimento comunit\u00e1rio, vida fraterna e a escuta do Esp\u00edrito Santo,\u00a0valores que moldaram seu modo de conduzir a Igreja.<\/p>\n<p style=\"text-align: justify;\">Durante seu tempo como superior da Ordem, Prevost presidiu celebra\u00e7\u00f5es na Bas\u00edlica de Santo Agostinho e incentivou seus irm\u00e3os a viver \u201csob o signo da escuta rec\u00edproca\u201d, permitindo que o Esp\u00edrito fosse o verdadeiro guia das decis\u00f5es.<\/p>\n<p>Um lan\u00e7amento aguardado<\/p>\n<p style=\"text-align: justify;\">Para Lorenzo Fazzini, diretor editorial da LEV, o livro \u00e9 um presente para todos que desejam conhecer mais a fundo o Papa Le\u00e3o XIV. \u201cEstamos muito felizes em participar da Feira de Frankfurt apresentando este livro in\u00e9dito. Ele permitir\u00e1 aos leitores conhecer os escritos do Papa em seu per\u00edodo como religioso agostiniano e superior de sua ordem\u201d, afirmou.<\/p>\n<p>A obra foi anunciada na Feira do Livro de Frankfurt, na Alemanha, um dos maiores eventos liter\u00e1rios do mundo. O lan\u00e7amento oficial est\u00e1 previsto para a primavera europeia de 2026, em l\u00edngua italiana, com vers\u00f5es em espanhol e ingl\u00eas a caminho.<\/p>\n","protected":false},"excerpt":{"rendered":"Um novo livro com textos in\u00e9ditos de Le\u00e3o XIV ser\u00e1 lan\u00e7ado em 2026 pela Livraria Editora Vaticana (LEV).&hellip;\n","protected":false},"author":2,"featured_media":116789,"comment_status":"","ping_status":"","sticky":false,"template":"","format":"standard","meta":{"footnotes":""},"categories":[143],"tags":[169,114,115,27376,27375,27374,170,32,33],"class_list":{"0":"post-116788","1":"post","2":"type-post","3":"status-publish","4":"format-standard","5":"has-post-thumbnail","7":"category-livros","8":"tag-books","9":"tag-entertainment","10":"tag-entretenimento","11":"tag-livro-ensinamentos-papa-leao-xiv","12":"tag-livro-escrito-pelo-padre-roberto-prevost","13":"tag-livro-papa-leao-xiv","14":"tag-livros","15":"tag-portugal","16":"tag-pt"},"share_on_mastodon":{"url":"","error":""},"_links":{"self":[{"href":"https:\/\/www.europesays.com\/pt\/wp-json\/wp\/v2\/posts\/116788","targetHints":{"allow":["GET"]}}],"collection":[{"href":"https:\/\/www.europesays.com\/pt\/wp-json\/wp\/v2\/posts"}],"about":[{"href":"https:\/\/www.europesays.com\/pt\/wp-json\/wp\/v2\/types\/post"}],"author":[{"embeddable":true,"href":"https:\/\/www.europesays.com\/pt\/wp-json\/wp\/v2\/users\/2"}],"replies":[{"embeddable":true,"href":"https:\/\/www.europesays.com\/pt\/wp-json\/wp\/v2\/comments?post=116788"}],"version-history":[{"count":0,"href":"https:\/\/www.europesays.com\/pt\/wp-json\/wp\/v2\/posts\/116788\/revisions"}],"wp:featuredmedia":[{"embeddable":true,"href":"https:\/\/www.europesays.com\/pt\/wp-json\/wp\/v2\/media\/116789"}],"wp:attachment":[{"href":"https:\/\/www.europesays.com\/pt\/wp-json\/wp\/v2\/media?parent=116788"}],"wp:term":[{"taxonomy":"category","embeddable":true,"href":"https:\/\/www.europesays.com\/pt\/wp-json\/wp\/v2\/categories?post=116788"},{"taxonomy":"post_tag","embeddable":true,"href":"https:\/\/www.europesays.com\/pt\/wp-json\/wp\/v2\/tags?post=116788"}],"curies":[{"name":"wp","href":"https:\/\/api.w.org\/{rel}","templated":true}]}}