{"id":116794,"date":"2025-10-19T03:09:08","date_gmt":"2025-10-19T03:09:08","guid":{"rendered":"https:\/\/www.europesays.com\/pt\/116794\/"},"modified":"2025-10-19T03:09:08","modified_gmt":"2025-10-19T03:09:08","slug":"casos-de-sarampo-voltam-a-crescer-e-acendem-alerta-no-brasil","status":"publish","type":"post","link":"https:\/\/www.europesays.com\/pt\/116794\/","title":{"rendered":"Casos de sarampo voltam a crescer e acendem alerta no Brasil"},"content":{"rendered":"<p>O aumento de casos de sarampo no Brasil voltou a preocupar autoridades de sa\u00fade. Somente neste ano, o pa\u00eds j\u00e1 registrou 34 infec\u00e7\u00f5es da doen\u00e7a, n\u00famero bem superior aos cinco casos confirmados em todo o ano passado.<\/p>\n<p><a href=\"https:\/\/sbtnews.sbt.com.br\/noticia\/saude\/dia-d-de-vacinacao-ocorre-neste-sabado-18-em-todo-o-brasil\" target=\"_self\" rel=\"nofollow noopener\">+ Dia D de Vacina\u00e7\u00e3o ocorre neste s\u00e1bado (18) em todo o Brasil<\/a><\/p>\n<p>A queda na cobertura vacinal \u00e9 o principal motivo apontado pelos especialistas para a reemerg\u00eancia do v\u00edrus.<\/p>\n<p>Por isso, o Minist\u00e9rio da Sa\u00fade recomenda a chamada \u201cdose zero\u201d para todos os beb\u00eas a partir dos 6 meses de idade, al\u00e9m das aplica\u00e7\u00f5es j\u00e1 previstas no calend\u00e1rio de rotina aos 12 e 15 meses. <\/p>\n<p>Adultos que n\u00e3o t\u00eam certeza se completaram o esquema vacinal podem receber as duas doses novamente.<\/p>\n<p><a href=\"https:\/\/sbtnews.sbt.com.br\/noticia\/saude\/mini-medico-de-5-anos-encanta-as-redes-ao-falar-de-saude\" target=\"_self\" rel=\"nofollow noopener\">+ &#8220;Mini m\u00e9dico&#8221; de 5 anos encanta as redes ao falar de sa\u00fade<\/a><\/p>\n<p><a href=\"https:\/\/sbtnews.sbt.com.br\/noticia\/saude\/dia-d-de-multivacinacao-mobiliza-postos-de-saude-em-todo-o-brasil-neste-sabado-18\" target=\"_self\" rel=\"nofollow noopener\">+ \u201cDia D\u201d de multivacina\u00e7\u00e3o mobiliza postos de sa\u00fade em todo o Brasil neste s\u00e1bado (18)<\/a><\/p>\n","protected":false},"excerpt":{"rendered":"O aumento de casos de sarampo no Brasil voltou a preocupar autoridades de sa\u00fade. Somente neste ano, o&hellip;\n","protected":false},"author":2,"featured_media":116795,"comment_status":"","ping_status":"","sticky":false,"template":"","format":"standard","meta":{"footnotes":""},"categories":[86],"tags":[116,32,33,1670,117,1130],"class_list":{"0":"post-116794","1":"post","2":"type-post","3":"status-publish","4":"format-standard","5":"has-post-thumbnail","7":"category-saude","8":"tag-health","9":"tag-portugal","10":"tag-pt","11":"tag-sarampo","12":"tag-saude","13":"tag-tratamento"},"share_on_mastodon":{"url":"","error":""},"_links":{"self":[{"href":"https:\/\/www.europesays.com\/pt\/wp-json\/wp\/v2\/posts\/116794","targetHints":{"allow":["GET"]}}],"collection":[{"href":"https:\/\/www.europesays.com\/pt\/wp-json\/wp\/v2\/posts"}],"about":[{"href":"https:\/\/www.europesays.com\/pt\/wp-json\/wp\/v2\/types\/post"}],"author":[{"embeddable":true,"href":"https:\/\/www.europesays.com\/pt\/wp-json\/wp\/v2\/users\/2"}],"replies":[{"embeddable":true,"href":"https:\/\/www.europesays.com\/pt\/wp-json\/wp\/v2\/comments?post=116794"}],"version-history":[{"count":0,"href":"https:\/\/www.europesays.com\/pt\/wp-json\/wp\/v2\/posts\/116794\/revisions"}],"wp:featuredmedia":[{"embeddable":true,"href":"https:\/\/www.europesays.com\/pt\/wp-json\/wp\/v2\/media\/116795"}],"wp:attachment":[{"href":"https:\/\/www.europesays.com\/pt\/wp-json\/wp\/v2\/media?parent=116794"}],"wp:term":[{"taxonomy":"category","embeddable":true,"href":"https:\/\/www.europesays.com\/pt\/wp-json\/wp\/v2\/categories?post=116794"},{"taxonomy":"post_tag","embeddable":true,"href":"https:\/\/www.europesays.com\/pt\/wp-json\/wp\/v2\/tags?post=116794"}],"curies":[{"name":"wp","href":"https:\/\/api.w.org\/{rel}","templated":true}]}}