{"id":116800,"date":"2025-10-19T03:20:19","date_gmt":"2025-10-19T03:20:19","guid":{"rendered":"https:\/\/www.europesays.com\/pt\/116800\/"},"modified":"2025-10-19T03:20:19","modified_gmt":"2025-10-19T03:20:19","slug":"em-dia-de-aniversario-ze-ex-noivo-de-liliana-partilha-foto-inedita-bons-tempos-dois-as-10","status":"publish","type":"post","link":"https:\/\/www.europesays.com\/pt\/116800\/","title":{"rendered":"Em dia de anivers\u00e1rio, Z\u00e9, ex-noivo de Liliana, partilha foto in\u00e9dita: \u00abBons tempos\u00bb &#8211; Dois \u00e0s 10"},"content":{"rendered":"<p>                        Z\u00e9, ex-noivo de Liliana Oliveira, celebra esta sexta-feira, 17 de outubro, o seu 23.\u00ba anivers\u00e1rio. A data foi assinalada com uma partilha especial nas redes sociais, onde um amigo de inf\u00e2ncia recordou os tempos em que ambos jogavam futebol juntos \u2014 um \u201ctesourinho\u201d que o jovem fez quest\u00e3o de partilhar e que deixou os f\u00e3s enternecidos.<\/p>\n<p data-end=\"432\" data-start=\"97\">Z\u00e9, o ex-noivo de Liliana Oliveira, celebra esta sexta-feira, dia 17 de outubro, o seu 23.\u00ba anivers\u00e1rio \u2014 e a data n\u00e3o passou despercebida nas redes sociais. Um amigo de longa data do nortenho decidiu assinalar o momento com uma publica\u00e7\u00e3o especial, partilhando uma fotografia antiga dos tempos em que os dois jogavam futebol juntos.<\/p>\n<p data-end=\"546\" data-start=\"434\"><strong>\u201cParab\u00e9ns, meu menino. Desde sempre e para sempre. Bons tempos\u201d, <\/strong>pode ler-se na mensagem deixada no Instagram.<\/p>\n<p data-end=\"765\" data-start=\"548\">O ex-noivo de Liliana, que tem conquistado cada vez mais seguidores fora da \u00abCasa dos Segredos\u00bb, fez quest\u00e3o de reagir ao gesto e partilhou a publica\u00e7\u00e3o nas suas stories, acompanhando-a com a legenda: <strong>\u201cBons tempos\u201d.<\/strong><\/p>\n<p data-end=\"928\" data-is-last-node=\"\" data-is-only-node=\"\" data-start=\"767\">Uma forma simples, mas carregada de nostalgia, de recordar o passado num dia que marca mais um ano de vida para o jovem que tem dado que falar nas redes sociais.<\/p>\n<p data-end=\"928\" data-is-last-node=\"\" data-is-only-node=\"\" data-start=\"767\">Veja na galeria em cima algumas das fotos de Z\u00e9, o n\u00e3o concorrente do Secret Story mais falado.<\/p>\n","protected":false},"excerpt":{"rendered":"Z\u00e9, ex-noivo de Liliana Oliveira, celebra esta sexta-feira, 17 de outubro, o seu 23.\u00ba anivers\u00e1rio. A data foi&hellip;\n","protected":false},"author":2,"featured_media":116801,"comment_status":"","ping_status":"","sticky":false,"template":"","format":"standard","meta":{"footnotes":""},"categories":[142],"tags":[329,166,3412,3406,3409,801,3410,3411,3407,3408,114,115,19016,3413,338,32,33,1315,151,975],"class_list":{"0":"post-116800","1":"post","2":"type-post","3":"status-publish","4":"format-standard","5":"has-post-thumbnail","7":"category-tv","8":"tag-claudio-ramos","9":"tag-cristina-ferreira","10":"tag-dois-10","11":"tag-dois-a-s-10-dois-a-s-10","12":"tag-dois-a-s-dez","13":"tag-dois-as-10","14":"tag-dois-as-dez","15":"tag-dois-dez","16":"tag-doisas10","17":"tag-doisasdez","18":"tag-entertainment","19":"tag-entretenimento","20":"tag-liliana","21":"tag-manha-tvi","22":"tag-maria-botelho-moniz","23":"tag-portugal","24":"tag-pt","25":"tag-secret-story","26":"tag-tv","27":"tag-ze"},"share_on_mastodon":{"url":"","error":""},"_links":{"self":[{"href":"https:\/\/www.europesays.com\/pt\/wp-json\/wp\/v2\/posts\/116800","targetHints":{"allow":["GET"]}}],"collection":[{"href":"https:\/\/www.europesays.com\/pt\/wp-json\/wp\/v2\/posts"}],"about":[{"href":"https:\/\/www.europesays.com\/pt\/wp-json\/wp\/v2\/types\/post"}],"author":[{"embeddable":true,"href":"https:\/\/www.europesays.com\/pt\/wp-json\/wp\/v2\/users\/2"}],"replies":[{"embeddable":true,"href":"https:\/\/www.europesays.com\/pt\/wp-json\/wp\/v2\/comments?post=116800"}],"version-history":[{"count":0,"href":"https:\/\/www.europesays.com\/pt\/wp-json\/wp\/v2\/posts\/116800\/revisions"}],"wp:featuredmedia":[{"embeddable":true,"href":"https:\/\/www.europesays.com\/pt\/wp-json\/wp\/v2\/media\/116801"}],"wp:attachment":[{"href":"https:\/\/www.europesays.com\/pt\/wp-json\/wp\/v2\/media?parent=116800"}],"wp:term":[{"taxonomy":"category","embeddable":true,"href":"https:\/\/www.europesays.com\/pt\/wp-json\/wp\/v2\/categories?post=116800"},{"taxonomy":"post_tag","embeddable":true,"href":"https:\/\/www.europesays.com\/pt\/wp-json\/wp\/v2\/tags?post=116800"}],"curies":[{"name":"wp","href":"https:\/\/api.w.org\/{rel}","templated":true}]}}