{"id":116810,"date":"2025-10-19T03:34:08","date_gmt":"2025-10-19T03:34:08","guid":{"rendered":"https:\/\/www.europesays.com\/pt\/116810\/"},"modified":"2025-10-19T03:34:08","modified_gmt":"2025-10-19T03:34:08","slug":"tulio-perto-do-passado-de-estela-no-resumo-do-capitulo-de-segunda-20","status":"publish","type":"post","link":"https:\/\/www.europesays.com\/pt\/116810\/","title":{"rendered":"T\u00falio perto do passado de Estela no resumo do cap\u00edtulo de segunda (20)"},"content":{"rendered":"<p>                        <img width=\"944\" height=\"531\" src=\"https:\/\/www.europesays.com\/pt\/wp-content\/uploads\/2025\/10\/Eta-Mundo-Melhor-Tulio-fica-muito-perto-da-verdade-sobre-Estela-no-resumo-do-capitulo-de-segunda-fei.jpeg\" class=\"attachment-custom-large size-custom-large article-featured-image\" alt=\"\u00cata Mundo Melhor T\u00falio fica muito perto da verdade sobre Estela no resumo do cap\u00edtulo de segunda-feira (20)\" fetchpriority=\"high\" decoding=\"async\"  \/><\/p>\n<p>T\u00falio se hospeda na pens\u00e3o de Margarida em \u00cata Mundo Melhor (Foto: Reprodu\u00e7\u00e3o, TV Globo)<\/p>\n<p>T\u00falio (Cadu Libonati) vai ficar muito pr\u00f3ximo de descobrir a verdade sobre o passado de Estela (Larissa Manoela) em \u00cata Mundo Melhor!. Ele consegue uma vaga no hospital em S\u00e3o Paulo e acaba se hospedando na pens\u00e3o de Dona Margarida (N\u00edvea Maria).\u00a0<\/p>\n<p>Continua depois da publicidade<\/p>\n<p>E vai ter at\u00e9 uma homenagem para Walcyr Carrasco na novela. Margarida que se inscreveu escondida no concurso para novos autores de novelas, vai contar para Dita (Jennifer Nascimento) que ela \u00e9 Adamo Angel. O codinome \u00e9 o mesmo que o autor usou para escrever novelas na Manchete, quando ainda tinha contrato com o SBT.\u00a0<\/p>\n<p>Resumo do cap\u00edtulo de segunda-feira (20 de outubro de 2025) de \u00cata Mundo Melhor<\/p>\n<p>T\u00falio comemora a conquista da vaga no hospital com Lauro, e se hospeda na pens\u00e3o de Margarida. Medeia chega a S\u00e3o Paulo e afirma a Candinho e Asdr\u00fabal que est\u00e1 \u00e0 procura de Maria Divina.\u00a0<\/p>\n<p>Tamires demite Dita. Maria Divina deixa o dancing e pede ajuda a Dita. Ernesto pede ajuda a Zulma para enganar Paix\u00e3o. Adelina comenta com Quit\u00e9ria que In\u00eas est\u00e1 hospedada na casa de Celso.\u00a0<\/p>\n<p>Continua depois da publicidade<\/p>\n<p>Sandra l\u00ea as not\u00edcias sobre sua suposta morte. Celso e as crian\u00e7as se empenham na busca por Estela. Jorge sofre um engasgo, e Estela o socorre.\u00a0<\/p>\n<p>S\u00f4nia lamenta n\u00e3o amar Quincas. Margarida confessa a Dita que \u00e9 Adamo Angel. Simb\u00e1 atenta contra Policarpo.\u00a0\u00a0<\/p>\n<p> Veja o elenco completo de \u00cata Mundo Melhor!<\/p>\n<p><strong><a href=\"https:\/\/www.nsctotal.com.br\/noticias\/a-virada-de-eta-mundo-melhor-as-duas-personagens-que-mudaram-o-destino-da-novela\" target=\"_blank\" rel=\"noreferrer noopener nofollow\">A virada de \u00cata Mundo Melhor!: as duas personagens que mudaram o destino da novela<\/a><\/strong><\/p>\n<p>Continua depois da publicidade<\/p>\n","protected":false},"excerpt":{"rendered":"T\u00falio se hospeda na pens\u00e3o de Margarida em \u00cata Mundo Melhor (Foto: Reprodu\u00e7\u00e3o, TV Globo) T\u00falio (Cadu Libonati)&hellip;\n","protected":false},"author":2,"featured_media":116811,"comment_status":"","ping_status":"","sticky":false,"template":"","format":"standard","meta":{"footnotes":""},"categories":[142],"tags":[114,115,32,33,151,543],"class_list":{"0":"post-116810","1":"post","2":"type-post","3":"status-publish","4":"format-standard","5":"has-post-thumbnail","7":"category-tv","8":"tag-entertainment","9":"tag-entretenimento","10":"tag-portugal","11":"tag-pt","12":"tag-tv","13":"tag-ver-ouvir-ler"},"share_on_mastodon":{"url":"","error":""},"_links":{"self":[{"href":"https:\/\/www.europesays.com\/pt\/wp-json\/wp\/v2\/posts\/116810","targetHints":{"allow":["GET"]}}],"collection":[{"href":"https:\/\/www.europesays.com\/pt\/wp-json\/wp\/v2\/posts"}],"about":[{"href":"https:\/\/www.europesays.com\/pt\/wp-json\/wp\/v2\/types\/post"}],"author":[{"embeddable":true,"href":"https:\/\/www.europesays.com\/pt\/wp-json\/wp\/v2\/users\/2"}],"replies":[{"embeddable":true,"href":"https:\/\/www.europesays.com\/pt\/wp-json\/wp\/v2\/comments?post=116810"}],"version-history":[{"count":0,"href":"https:\/\/www.europesays.com\/pt\/wp-json\/wp\/v2\/posts\/116810\/revisions"}],"wp:featuredmedia":[{"embeddable":true,"href":"https:\/\/www.europesays.com\/pt\/wp-json\/wp\/v2\/media\/116811"}],"wp:attachment":[{"href":"https:\/\/www.europesays.com\/pt\/wp-json\/wp\/v2\/media?parent=116810"}],"wp:term":[{"taxonomy":"category","embeddable":true,"href":"https:\/\/www.europesays.com\/pt\/wp-json\/wp\/v2\/categories?post=116810"},{"taxonomy":"post_tag","embeddable":true,"href":"https:\/\/www.europesays.com\/pt\/wp-json\/wp\/v2\/tags?post=116810"}],"curies":[{"name":"wp","href":"https:\/\/api.w.org\/{rel}","templated":true}]}}