{"id":116812,"date":"2025-10-19T03:37:14","date_gmt":"2025-10-19T03:37:14","guid":{"rendered":"https:\/\/www.europesays.com\/pt\/116812\/"},"modified":"2025-10-19T03:37:14","modified_gmt":"2025-10-19T03:37:14","slug":"arteta-revela-o-que-disse-a-gyokeres-se-nao-aguentas-tens-de-ir-para-outro-lado","status":"publish","type":"post","link":"https:\/\/www.europesays.com\/pt\/116812\/","title":{"rendered":"Arteta revela o que disse a Gy\u00f6keres: \u00abSe n\u00e3o aguentas, tens de ir para outro lado\u00bb"},"content":{"rendered":"<p>Mikel Arteta, treinador do Arsenal que deu o \u00absim\u00bb \u00e0 contrata\u00e7\u00e3o de Viktor Gy\u00f6keres ao Sporting, no \u00faltimo ver\u00e3o, falou sobre os primeiros meses do avan\u00e7ado sueco ao servi\u00e7o do emblema londrino.<\/p>\n<p>Os n\u00fameros de Gy\u00f6keres com a camisola dos gunners est\u00e3o abaixo das expetativas criadas, tendo marcado apenas tr\u00eas golos em dez encontros. Apesar disso, Arteta n\u00e3o est\u00e1 de todo insatisfeito com o rendimento do internacional sueco.<\/p>\n<p>\u00abEle traz imenso \u00e0 equipa. Revendo os jogos, estou muito satisfeito com o que ele est\u00e1 a oferecer\u00bb, disse o t\u00e9cnico espanhol, antes de recordar as primeiras palavras que dirigiu a Gy\u00f6keres, aquando da sua chegada a Londres.<\/p>\n<p>\u00abDisse-lhe no nosso primeiro encontro: &#8220;O n\u00famero nove que eu quero \u00e9 aquele que, quando n\u00e3o marca durante seis ou oito jogos, consegue aguentar. Se n\u00e3o aguentas, tens de ir para outro lado. A press\u00e3o vai existir, a expectativa vai estar l\u00e1. Se vestes a camisola nove do Arsenal, tens de ser capaz de te perguntar: &#8220;Se n\u00e3o marcar durante seis jogos, sou um jogador diferente? Comporto-me de forma diferente?&#8221;\u00bb, confessou.<\/p>\n<p>Arteta est\u00e1 convencido que os golos do avan\u00e7ado que custou cerca 65 milh\u00f5es de euros aos cofres dos gunners, v\u00e3o come\u00e7ar a aparecer. \u00abQuero mais do que ele est\u00e1 a fazer. Quando tivermos oportunidades, \u00e9 s\u00f3 finaliz\u00e1-las. Estou certo de que vai acontecer\u00bb, destacou ainda.<\/p>\n<p>O Arsenal, que n\u00e3o \u00e9 campe\u00e3o h\u00e1 21 anos, desde 2003\/04, \u00e9 o atual l\u00edder da Premier League, com 16 pontos somados em sete jornadas, e \u00e9 seguido de perto pelo Liverpool, que tem 15.<\/p>\n","protected":false},"excerpt":{"rendered":"Mikel Arteta, treinador do Arsenal que deu o \u00absim\u00bb \u00e0 contrata\u00e7\u00e3o de Viktor Gy\u00f6keres ao Sporting, no \u00faltimo&hellip;\n","protected":false},"author":2,"featured_media":116813,"comment_status":"","ping_status":"","sticky":false,"template":"","format":"standard","meta":{"footnotes":""},"categories":[87],"tags":[707,135,27381,665,82,46,2847,32,666,33,47,134,1355],"class_list":{"0":"post-116812","1":"post","2":"type-post","3":"status-publish","4":"format-standard","5":"has-post-thumbnail","7":"category-desporto","8":"tag-arsenal","9":"tag-desporto","10":"tag-golos","11":"tag-inglaterra","12":"tag-internacional","13":"tag-maisfutebol","14":"tag-mikel-arteta","15":"tag-portugal","16":"tag-premier-league","17":"tag-pt","18":"tag-pura-paixao","19":"tag-sports","20":"tag-viktor-gyokeres"},"share_on_mastodon":{"url":"","error":""},"_links":{"self":[{"href":"https:\/\/www.europesays.com\/pt\/wp-json\/wp\/v2\/posts\/116812","targetHints":{"allow":["GET"]}}],"collection":[{"href":"https:\/\/www.europesays.com\/pt\/wp-json\/wp\/v2\/posts"}],"about":[{"href":"https:\/\/www.europesays.com\/pt\/wp-json\/wp\/v2\/types\/post"}],"author":[{"embeddable":true,"href":"https:\/\/www.europesays.com\/pt\/wp-json\/wp\/v2\/users\/2"}],"replies":[{"embeddable":true,"href":"https:\/\/www.europesays.com\/pt\/wp-json\/wp\/v2\/comments?post=116812"}],"version-history":[{"count":0,"href":"https:\/\/www.europesays.com\/pt\/wp-json\/wp\/v2\/posts\/116812\/revisions"}],"wp:featuredmedia":[{"embeddable":true,"href":"https:\/\/www.europesays.com\/pt\/wp-json\/wp\/v2\/media\/116813"}],"wp:attachment":[{"href":"https:\/\/www.europesays.com\/pt\/wp-json\/wp\/v2\/media?parent=116812"}],"wp:term":[{"taxonomy":"category","embeddable":true,"href":"https:\/\/www.europesays.com\/pt\/wp-json\/wp\/v2\/categories?post=116812"},{"taxonomy":"post_tag","embeddable":true,"href":"https:\/\/www.europesays.com\/pt\/wp-json\/wp\/v2\/tags?post=116812"}],"curies":[{"name":"wp","href":"https:\/\/api.w.org\/{rel}","templated":true}]}}