{"id":116820,"date":"2025-10-19T03:48:09","date_gmt":"2025-10-19T03:48:09","guid":{"rendered":"https:\/\/www.europesays.com\/pt\/116820\/"},"modified":"2025-10-19T03:48:09","modified_gmt":"2025-10-19T03:48:09","slug":"a-fazenda-sera-este-o-fim-da-historia-de-eva-e-joel-tvi","status":"publish","type":"post","link":"https:\/\/www.europesays.com\/pt\/116820\/","title":{"rendered":"A Fazenda: Ser\u00e1 este o fim da hist\u00f3ria de Eva e Joel? &#8211; TVI"},"content":{"rendered":"<ol>\n<li><a href=\"https:\/\/news.google.com\/rss\/articles\/CBMirwFBVV95cUxPU3lvNk1GY3poeklEN3dQRmZnUFMxTHhIVkxCcE5wSnZBa3R4VmxQVVBUOWY3dHFWeWhoVjBXMW9FRXVEdVA1VWo0b2thMThmVV9veG8tX1hjc1Q1RVZPektVMVVvRUdKazZnRTI4YUphZ2MtaWsyZ2tOS05KaksxbHVvbWVDdkdZdE1VaVRSRzVnb2tkTG5TWjNxaDFEcDFheUxWaXZwWVZUSS13bkhB?oc=5\" target=\"_blank\" rel=\"nofollow noopener\">A Fazenda: Ser\u00e1 este o fim da hist\u00f3ria de Eva e Joel?<\/a>&nbsp;&nbsp;TVI<\/li>\n<li><a href=\"https:\/\/news.google.com\/rss\/articles\/CBMirwFBVV95cUxNZy1EY1pWLTFUSFhZMkNFOHVsTnBFYlhKMzhDZndKZGRySEVGMHEtSDlqcHpIUjVtZ2llcHIyek9wY2xHeU5qdGV3S3hMbHg2UkJ0eGNfbDNDazFQeTRmX19BNEZEWlc1aEFyaVRPYXFBMjkwandJTkE4NjBLWVVmbWg2c2ZrMU05aVZFN25qaFVoN3pPMTNtMjNPQ2JrcFhIX0hNRC1SSzFVNWlqU0E4?oc=5\" target=\"_blank\" rel=\"nofollow noopener\">TVI planeou noite de dia 20 com um adeus e uma chegada: segunda-feira de grandes apostas<\/a>&nbsp;&nbsp;Dioguinho<\/li>\n<li><a href=\"https:\/\/news.google.com\/rss\/articles\/CBMiyAFBVV95cUxQUU1iVi1jYlBDdTRQeWNlakxnUWlOTjZPenJOckVWNm54T0NKRm9YRERjWF9aZFNJQlIwQ014ZVloaXNaVWEwRUh4QTZRcnlQZi1hbVlZZjJCajlSUGZjRE9zUTZZUDMxWGRRX2JKSndZNkltOWEyVEFsdkxiZEthQjlIdFFtTlU5bkNMY2pSRXctY0xhUDhzX0ZQOFFNMUFKUWgxcnFGZWk0ODREQnBsNWkxbGp3ZEVEaVpfeG9wWlRmV0xmT09yeQ?oc=5\" target=\"_blank\" rel=\"nofollow noopener\">Queluz de Baixo aposta no pen\u00faltimo epis\u00f3dio de &#8220;A Fazenda&#8221; e atira &#8220;Ora Bolas&#8221; para l\u00e1 da meia noite<\/a>&nbsp;&nbsp;A Televis\u00e3o<\/li>\n<li><a href=\"https:\/\/news.google.com\/rss\/articles\/CBMiigFBVV95cUxOQ1V0X3JpQmxCeXdhbm13OXBEb1VuTDVCa1Q1a1dKb3RUb0w2TXRETG94dU9mczV3TTJDbVZKOVl4a0ltVmFGS3duQllURmtndzhMT1FkS2tjeUpHWFFxVk9ySDZ0d2dPbXYxTGswTGl5NndveW42cDJkV0RhS0UwYVZvR21aOXhQTUE?oc=5\" target=\"_blank\" rel=\"nofollow noopener\">Saiba quando \u00e9 transmitido o final de \u00abA Fazenda\u00bb<\/a>&nbsp;&nbsp;Quinto Canal<\/li>\n<li><a href=\"https:\/\/news.google.com\/rss\/articles\/CBMipgFBVV95cUxQaHlQNC1OamxCV000Zk0yODNfZGlYSUNUTFpWSk1CcFBCYXFGaGlzRTZodzdmUzFHaVoyR0paYWMtUnlvR1hpaDJQQkFxN29FN3FkYUt1ZWpGRkJkeFZ2bF82Ti0zQjJEbjRUeDNoZm0xQTNVcm1ISlRvTE5QVHdrOE1mMGxpdnlvOEtkdW5vZG5YYURYNFVMUGVkbDlmM2ZNRVRDRTNR?oc=5\" target=\"_blank\" rel=\"nofollow noopener\">TVI aposta forte: final de \u201cA Fazenda\u201d e estreia de \u201cTerra Forte\u201d para abalar audi\u00eancias<\/a>&nbsp;&nbsp;infocul.pt<\/li>\n<\/ol>\n","protected":false},"excerpt":{"rendered":"A Fazenda: Ser\u00e1 este o fim da hist\u00f3ria de Eva e Joel?&nbsp;&nbsp;TVI TVI planeou noite de dia 20&hellip;\n","protected":false},"author":2,"featured_media":116821,"comment_status":"","ping_status":"","sticky":false,"template":"","format":"standard","meta":{"footnotes":""},"categories":[142],"tags":[657,160,166,114,115,157,167,164,2931,161,158,165,159,32,33,156,163,151,162],"class_list":{"0":"post-116820","1":"post","2":"type-post","3":"status-publish","4":"format-standard","5":"has-post-thumbnail","7":"category-tv","8":"tag-a-fazenda","9":"tag-ana-guiomar","10":"tag-cristina-ferreira","11":"tag-entertainment","12":"tag-entretenimento","13":"tag-festa-e-festa","14":"tag-ficcao","15":"tag-jose-fidalgo","16":"tag-novela","17":"tag-novelas","18":"tag-para-sempre","19":"tag-pedro-sousa","20":"tag-pedro-teixeira","21":"tag-portugal","22":"tag-pt","23":"tag-queridos-papas","24":"tag-tiago-teotonio-pereira","25":"tag-tv","26":"tag-tvi"},"share_on_mastodon":{"url":"","error":""},"_links":{"self":[{"href":"https:\/\/www.europesays.com\/pt\/wp-json\/wp\/v2\/posts\/116820","targetHints":{"allow":["GET"]}}],"collection":[{"href":"https:\/\/www.europesays.com\/pt\/wp-json\/wp\/v2\/posts"}],"about":[{"href":"https:\/\/www.europesays.com\/pt\/wp-json\/wp\/v2\/types\/post"}],"author":[{"embeddable":true,"href":"https:\/\/www.europesays.com\/pt\/wp-json\/wp\/v2\/users\/2"}],"replies":[{"embeddable":true,"href":"https:\/\/www.europesays.com\/pt\/wp-json\/wp\/v2\/comments?post=116820"}],"version-history":[{"count":0,"href":"https:\/\/www.europesays.com\/pt\/wp-json\/wp\/v2\/posts\/116820\/revisions"}],"wp:featuredmedia":[{"embeddable":true,"href":"https:\/\/www.europesays.com\/pt\/wp-json\/wp\/v2\/media\/116821"}],"wp:attachment":[{"href":"https:\/\/www.europesays.com\/pt\/wp-json\/wp\/v2\/media?parent=116820"}],"wp:term":[{"taxonomy":"category","embeddable":true,"href":"https:\/\/www.europesays.com\/pt\/wp-json\/wp\/v2\/categories?post=116820"},{"taxonomy":"post_tag","embeddable":true,"href":"https:\/\/www.europesays.com\/pt\/wp-json\/wp\/v2\/tags?post=116820"}],"curies":[{"name":"wp","href":"https:\/\/api.w.org\/{rel}","templated":true}]}}