{"id":116824,"date":"2025-10-19T03:51:17","date_gmt":"2025-10-19T03:51:17","guid":{"rendered":"https:\/\/www.europesays.com\/pt\/116824\/"},"modified":"2025-10-19T03:51:17","modified_gmt":"2025-10-19T03:51:17","slug":"comprar-nem-votos-nem-pessoas-para-estar-ao-meu-lado","status":"publish","type":"post","link":"https:\/\/www.europesays.com\/pt\/116824\/","title":{"rendered":"comprar. Nem votos, nem pessoas para estar ao meu lado\u00bb"},"content":{"rendered":"<p>&#8211; Advertisement &#8211;<\/p>\n<p><strong>Rui Costa deixa bicada. Presidente e candidato \u00e0s elei\u00e7\u00f5es do Benfica aborda apoios de antigos jogadores a outros candidatos.<\/strong><\/p>\n<p>Rui Costa, presidente e candidato \u00e0s elei\u00e7\u00f5es do Benfica, deu uma entrevista \u00e0 R\u00e1dio Renascen\u00e7a, onde falou sobre v\u00e1rios temas. Entre eles, o l\u00edder das \u00e1guias foi confrontado por Miccoli, Cardozo e velhas gl\u00f3rias como Ant\u00f3nio Sim\u00f5es a apoiarem outros candidatos:<\/p>\n<p>\u00abAcha mesmo que n\u00e3o tenho apoio dos ex-jogadores do Benfica? Ali\u00e1s, tenho um que tem pouca hist\u00f3ria no clube, que at\u00e9 entrou para a dire\u00e7\u00e3o. Humberto Coelho\u2026 \u00c9 evidente que tenho o apoio de muitos jogadores do Benfica. S\u00f3 considero que n\u00e3o seja necess\u00e1rio estar a expor as pessoas, embora haja muitos que queiram vir comigo. Querem vir comigo \u00e0s casas e querem vir comigo aos eventos de campanha. Estou muito agradecido a todos eles. H\u00e1 uma coisa que eu n\u00e3o farei: comprar. Nem votos, nem pessoas para estarem ao meu lado. Isso n\u00e3o farei\u00bb.<\/p>\n<p><a href=\"https:\/\/bolanarede.pt\/etiqueta\/rui-costa\/\" target=\"_blank\" rel=\"noreferrer noopener nofollow\">Rui Costa<\/a> foi questionado sobre se foi o caso de Jo\u00e3o Noronha Lopes:<\/p>\n<p>\u00abN\u00e3o sei se foi o caso. Estou a dizer: eu n\u00e3o o farei\u00bb.<\/p>\n<p>\u00abQue conhecimento \u00e9 que Cardozo ou Miccoli t\u00eam com Jo\u00e3o Noronha Lopes? Quando \u00e9 que trabalharam juntos, quando \u00e9 que se conheceram para haver esses apoios? Basta que se fa\u00e7a essa an\u00e1lise. Mas n\u00e3o \u00e9 preocupante para mim o que os outros fazem ou deixam de fazer. \u00c9 preocupante para mim aquilo que eu fa\u00e7o e que continuarei a fazer para o Benfica. E que n\u00e3o muda na minha ess\u00eancia enquanto pessoa\u00bb, disse depois Rui Costa.<\/p>\n","protected":false},"excerpt":{"rendered":"&#8211; Advertisement &#8211; Rui Costa deixa bicada. Presidente e candidato \u00e0s elei\u00e7\u00f5es do Benfica aborda apoios de antigos&hellip;\n","protected":false},"author":2,"featured_media":105966,"comment_status":"","ping_status":"","sticky":false,"template":"","format":"standard","meta":{"footnotes":""},"categories":[87],"tags":[260,51,135,478,32,33,6058,134],"class_list":{"0":"post-116824","1":"post","2":"type-post","3":"status-publish","4":"format-standard","5":"has-post-thumbnail","7":"category-desporto","8":"tag-atualidade","9":"tag-benfica","10":"tag-desporto","11":"tag-destaques-bnr","12":"tag-portugal","13":"tag-pt","14":"tag-rui-costa","15":"tag-sports"},"share_on_mastodon":{"url":"","error":""},"_links":{"self":[{"href":"https:\/\/www.europesays.com\/pt\/wp-json\/wp\/v2\/posts\/116824","targetHints":{"allow":["GET"]}}],"collection":[{"href":"https:\/\/www.europesays.com\/pt\/wp-json\/wp\/v2\/posts"}],"about":[{"href":"https:\/\/www.europesays.com\/pt\/wp-json\/wp\/v2\/types\/post"}],"author":[{"embeddable":true,"href":"https:\/\/www.europesays.com\/pt\/wp-json\/wp\/v2\/users\/2"}],"replies":[{"embeddable":true,"href":"https:\/\/www.europesays.com\/pt\/wp-json\/wp\/v2\/comments?post=116824"}],"version-history":[{"count":0,"href":"https:\/\/www.europesays.com\/pt\/wp-json\/wp\/v2\/posts\/116824\/revisions"}],"wp:featuredmedia":[{"embeddable":true,"href":"https:\/\/www.europesays.com\/pt\/wp-json\/wp\/v2\/media\/105966"}],"wp:attachment":[{"href":"https:\/\/www.europesays.com\/pt\/wp-json\/wp\/v2\/media?parent=116824"}],"wp:term":[{"taxonomy":"category","embeddable":true,"href":"https:\/\/www.europesays.com\/pt\/wp-json\/wp\/v2\/categories?post=116824"},{"taxonomy":"post_tag","embeddable":true,"href":"https:\/\/www.europesays.com\/pt\/wp-json\/wp\/v2\/tags?post=116824"}],"curies":[{"name":"wp","href":"https:\/\/api.w.org\/{rel}","templated":true}]}}