{"id":116828,"date":"2025-10-19T04:02:20","date_gmt":"2025-10-19T04:02:20","guid":{"rendered":"https:\/\/www.europesays.com\/pt\/116828\/"},"modified":"2025-10-19T04:02:20","modified_gmt":"2025-10-19T04:02:20","slug":"foram-o-casal-polemico-do-secret-story-7-separaram-se-e-agora-estao-novamente-juntos-a-historia-de-amor-de-cesar-e-gabriela-secret-story","status":"publish","type":"post","link":"https:\/\/www.europesays.com\/pt\/116828\/","title":{"rendered":"Foram o casal pol\u00e9mico do Secret Story 7, separaram-se e agora est\u00e3o novamente juntos: a hist\u00f3ria de amor de C\u00e9sar e Gabriela &#8211; Secret Story"},"content":{"rendered":"<p>Foram o casal mais pol\u00e9mico do<a href=\"https:\/\/tvi.iol.pt\/secretstory\/aominuto\" rel=\"nofollow noopener\" target=\"_blank\"> <strong>Secret Story &#8211; Casa dos Segredos 7<\/strong><\/a>, separaram-se e agora voltaram a estar juntos: recorde a hist\u00f3ria de amor de <strong>Gabriela Santana e C\u00e9sar Matoso, <\/strong>que recentemente anunciaram que est\u00e3o mais apaixonados do que nunca.<\/p>\n<p>Quando entraram em 2018 no reality show da TVI, <strong><a href=\"https:\/\/tvi.iol.pt\/secretstory\/fotos\/casa-dos-segredos-as-fotografias-mais-escaldantes-de-gabriela-santana-em-biquini-veja-aqui\/66fc30a0d34ea1acf26ef665\" rel=\"nofollow noopener\" target=\"_blank\">C\u00e9sar Matoso e Gabriela Santana eram mais do que dois concorrentes:<\/a> eram namorados, <\/strong>com cinco anos de rela\u00e7\u00e3o, prontos para colocar \u00e0 prova o amor \u00e0 frente de centenas de c\u00e2maras, e milh\u00f5es de pessoas.\u00a0<\/p>\n<p>Dentro da casa mais vigiada do pa\u00eds, os dois acabaram por protagonizar v\u00e1rias pol\u00e9micas. Gabriela n\u00e3o conseguiu esconder as suas inseguran\u00e7as e ci\u00fames e, depois de sa\u00edrem do formato, acabaram mesmo por decidir p\u00f4r um ponto final na rela\u00e7\u00e3o.\u00a0<\/p>\n<p>Gabriela e C\u00e9sar seguiram caminhos diferentes, mas alimentaram uma bonita rela\u00e7\u00e3o de amizade que, ao que parece, voltou a transformar-se em amor.\u00a0<\/p>\n<p>C\u00e9sar Matoso e Gabriela Santana est\u00e3o juntos h\u00e1 12 anos, com alguns desencontros pelo meio <\/p>\n<p>Ap\u00f3s alguns <a href=\"https:\/\/tvi.iol.pt\/secretstory\/geral\/26-07-2024\/tentei-matar-o-meu-pai-ainda-se-lembra-de-todos-os-segredos-da-casa-dos-segredos-7-recorde-aqui\" rel=\"nofollow noopener\" target=\"_blank\">encontros discretos e v\u00e1rios rumores,<\/a> a confirma\u00e7\u00e3o oficial chegou: em janeiro de 2022, surgiram not\u00edcias de que os ex-concorrentes teriam decidido dar uma segunda oportunidade ao amor, mas a verdade \u00e9 que, nas redes sociais, mantiveram-se sempre muito discretos.<\/p>\n<p>Agora, j\u00e1 n\u00e3o escondem: este ano, o casal assinalou 12 anos de liga\u00e7\u00e3o com uma publica\u00e7\u00e3o muito especial nas redes sociais, que deixou os f\u00e3s em \u00eaxtase.<\/p>\n<p>Hoje<strong>, C\u00e9sar e Gabriela surgem como um casal que atravessou v\u00e1rios altos e baixos, aprendeu com o passado, deixou feridas cicatrizarem<\/strong> e regressou com a convic\u00e7\u00e3o de que o amor pode mesmo triunfar.<\/p>\n<p>Para um formato como a Casa dos Segredos, onde emo\u00e7\u00f5es s\u00e3o ampliadas e rela\u00e7\u00f5es s\u00e3o constantemente testadas, o final desta hist\u00f3ria ganha um sabor especial: o de que, apesar do palco medi\u00e1tico e dos erros, os dois retomaram a liga\u00e7\u00e3o, mais maduros e mais consistentes.<\/p>\n<p><strong>Percorra a nossa galeria e veja as fotografias de C\u00e9sar e Gabriela<\/strong><\/p>\n","protected":false},"excerpt":{"rendered":"Foram o casal mais pol\u00e9mico do Secret Story &#8211; Casa dos Segredos 7, separaram-se e agora voltaram a&hellip;\n","protected":false},"author":2,"featured_media":116829,"comment_status":"","ping_status":"","sticky":false,"template":"","format":"standard","meta":{"footnotes":""},"categories":[142],"tags":[18706,8402,114,115,18705,8401,32,33,151,18704],"class_list":{"0":"post-116828","1":"post","2":"type-post","3":"status-publish","4":"format-standard","5":"has-post-thumbnail","7":"category-tv","8":"tag-bastidores-secret-story","9":"tag-cesar-matoso","10":"tag-entertainment","11":"tag-entretenimento","12":"tag-entrevistas-concorrentes-tvi","13":"tag-gabriela-santana","14":"tag-portugal","15":"tag-pt","16":"tag-tv","17":"tag-vida-fora-da-casa"},"share_on_mastodon":{"url":"","error":""},"_links":{"self":[{"href":"https:\/\/www.europesays.com\/pt\/wp-json\/wp\/v2\/posts\/116828","targetHints":{"allow":["GET"]}}],"collection":[{"href":"https:\/\/www.europesays.com\/pt\/wp-json\/wp\/v2\/posts"}],"about":[{"href":"https:\/\/www.europesays.com\/pt\/wp-json\/wp\/v2\/types\/post"}],"author":[{"embeddable":true,"href":"https:\/\/www.europesays.com\/pt\/wp-json\/wp\/v2\/users\/2"}],"replies":[{"embeddable":true,"href":"https:\/\/www.europesays.com\/pt\/wp-json\/wp\/v2\/comments?post=116828"}],"version-history":[{"count":0,"href":"https:\/\/www.europesays.com\/pt\/wp-json\/wp\/v2\/posts\/116828\/revisions"}],"wp:featuredmedia":[{"embeddable":true,"href":"https:\/\/www.europesays.com\/pt\/wp-json\/wp\/v2\/media\/116829"}],"wp:attachment":[{"href":"https:\/\/www.europesays.com\/pt\/wp-json\/wp\/v2\/media?parent=116828"}],"wp:term":[{"taxonomy":"category","embeddable":true,"href":"https:\/\/www.europesays.com\/pt\/wp-json\/wp\/v2\/categories?post=116828"},{"taxonomy":"post_tag","embeddable":true,"href":"https:\/\/www.europesays.com\/pt\/wp-json\/wp\/v2\/tags?post=116828"}],"curies":[{"name":"wp","href":"https:\/\/api.w.org\/{rel}","templated":true}]}}