{"id":116832,"date":"2025-10-19T04:06:10","date_gmt":"2025-10-19T04:06:10","guid":{"rendered":"https:\/\/www.europesays.com\/pt\/116832\/"},"modified":"2025-10-19T04:06:10","modified_gmt":"2025-10-19T04:06:10","slug":"saude-pesquisas-feitas-por-cientistas-brasileiros-avancam-no-diagnostico-para-o-mal-de-alzheimer","status":"publish","type":"post","link":"https:\/\/www.europesays.com\/pt\/116832\/","title":{"rendered":"SA\u00daDE. Pesquisas feitas por cientistas brasileiros avan\u00e7am no diagn\u00f3stico para o \u2018Mal de Alzheimer\u2019"},"content":{"rendered":"<p><img fetchpriority=\"high\" decoding=\"async\" width=\"840\" height=\"480\" src=\"https:\/\/www.europesays.com\/pt\/wp-content\/uploads\/2025\/10\/agencia-brasil-alzheimer-abre.jpg\" alt=\"\" class=\"wp-image-322079\"  \/><\/p>\n<p class=\"has-text-align-right\"><strong>Por Fl\u00e1via Albuquerque (com foto de \u00a0Louis Reed\/Unsplash) \/ Da Ag\u00eancia Brasil<\/strong><\/p>\n<p>Estudos recentes feito por cientistas brasileiros confirmaram o potencial de um exame de sangue para o diagn\u00f3stico do Alzheimer.\u00a0As an\u00e1lises apontam o bom\u00a0desempenho da prote\u00edna p-tau217 como o principal biomarcador para distinguir, por meio desse exame, indiv\u00edduos saud\u00e1veis de pessoas com a doen\u00e7a.\u00a0O objetivo das pesquisas, apoiadas pelo Instituto Serrapilheira, \u00e9 levar os\u00a0estudos para o Sistema \u00danico de Sa\u00fade (SUS) para uso em larga escala.<\/p>\n<p>Segundo <strong>Eduardo Zimmer<\/strong>, pesquisador da Universidade Federal do Rio Grande do Sul (UFRGS), apoiado pelo instituto, atualmente no Brasil existem dois exames capazes de identificar o Alzheimer: o exame de l\u00edquor, um procedimento invasivo\u00a0no qual \u00e9 feita uma pun\u00e7\u00e3o lombar utilizando uma agulha bem fina; e o exame de imagem (tomografia). Antes disso, a \u00fanica forma de detectar a possibilidade da doen\u00e7a era o exame cl\u00ednico, normalmente feito por um neurologista que fazia diagn\u00f3stico baseado nos sintomas do paciente.<\/p>\n<p>\u201cTanto o exame de l\u00edquor quanto a tomografia podem ser solicitados pelo m\u00e9dico para o diagn\u00f3stico da doen\u00e7a de Alzheimer assistido por biomarcadores. O problema \u00e9 que quando pensamos num pa\u00eds como o Brasil, continental, com 160 milh\u00f5es de pessoas que dependem do SUS, como vamos fazer esses exames em larga escala? Uma pun\u00e7\u00e3o lombar necessita de infraestrutura, experi\u00eancia e\u00a0normalmente \u00e9 o neurologista que faz. J\u00e1 o exame de imagem \u00e9 muito caro para usar no SUS em todo o pa\u00eds\u201d, afirmou.<\/p>\n<p>A pesquisa, assinada por 23 pesquisadores, incluindo oito brasileiros, analisou mais de 110 estudos sobre o tema com cerca de 30 mil pessoas, confirmando que o p-tau217 no sangue \u00e9 o biomarcador mais promissor para identificar a doen\u00e7a de Alzheimer.\u00a0Al\u00e9m de Zimmer, o estudo conta com <strong>Wagner Brum<\/strong>, aluno de doutorado e membro do grupo de pesquisa\u00a0na UFRGS, como coautor.<\/p>\n<p><img loading=\"lazy\" decoding=\"async\" width=\"840\" height=\"469\" src=\"https:\/\/www.europesays.com\/pt\/wp-content\/uploads\/2025\/10\/agencia-brasil-alzheimer-b.jpg\" alt=\"\" class=\"wp-image-322080\"  \/>Pesquisador Eduardo Zimmer, da UFRGS, participa de estudo sobre diagn\u00f3stico do   Alzheimer (Foto Instituto Serrapilheira\/Divulga\u00e7\u00e3o)<\/p>\n<p>Os resultados foram obtidos em an\u00e1lises de 59 pacientes e os testes foram comparados com o \u201cpadr\u00e3o ouro\u201d, o exame de l\u00edquor, apresentando alto n\u00edvel de confiabilidade, acima de 90%, padr\u00e3o recomendado pela Organiza\u00e7\u00e3o Mundial da Sa\u00fade (OMS). Segundo Zimmer, ao mesmo tempo um grupo de pesquisadores do Instituto D\u2019Or, no Rio de Janeiro, e da UFRJ (Universidade Federal do Rio de Janeiro), os professores <strong>S\u00e9rgio Ferreira<\/strong>, <strong>Fernanda De Felice<\/strong> e <strong>Fernanda Tovar-Moll<\/strong>, desenvolveram um estudo praticamente igual e com os mesmos resultados.<\/p>\n<p>\u201cS\u00e3o duas regi\u00f5es diferentes do pa\u00eds, com gen\u00e9tica e caracter\u00edsticas socioculturais completamente diferente e o exame funcionou muito bem\u201d, destacou.<\/p>\n<p>Atualmente, o diagn\u00f3stico precoce da doen\u00e7a de Alzheimer \u00e9 considerado um dos principais desafios de sa\u00fade p\u00fablica no mundo<strong>.<\/strong>\u00a0De acordo com a OMS, aproximadamente 57 milh\u00f5es de pessoas no mundo vivem com algum tipo de dem\u00eancia \u2013 dessas, pelo menos 60% t\u00eam o diagn\u00f3stico de Alzheimer. No Brasil, o Relat\u00f3rio Nacional sobre Dem\u00eancia, de 2024, estima cerca de 1,8 milh\u00e3o de pessoas com a doen\u00e7a. A previs\u00e3o \u00e9 que o n\u00famero pode triplicar at\u00e9 2050\u2026\u201d<\/p>\n<p><strong>PARA LER NA \u00cdNTEGRA, e obter mais informa\u00e7\u00f5es sobre os estudos, CLIQUE <a href=\"https:\/\/agenciabrasil.ebc.com.br\/saude\/noticia\/2025-10\/pesquisas-brasileiras-avancam-no-diagnostico-de-alzheimer\" target=\"_blank\" rel=\"noreferrer noopener nofollow\">AQUI<\/a>.<\/strong><\/p>\n","protected":false},"excerpt":{"rendered":"Por Fl\u00e1via Albuquerque (com foto de \u00a0Louis Reed\/Unsplash) \/ Da Ag\u00eancia Brasil Estudos recentes feito por cientistas brasileiros&hellip;\n","protected":false},"author":2,"featured_media":116833,"comment_status":"","ping_status":"","sticky":false,"template":"","format":"standard","meta":{"footnotes":""},"categories":[86],"tags":[116,32,33,117],"class_list":{"0":"post-116832","1":"post","2":"type-post","3":"status-publish","4":"format-standard","5":"has-post-thumbnail","7":"category-saude","8":"tag-health","9":"tag-portugal","10":"tag-pt","11":"tag-saude"},"share_on_mastodon":{"url":"","error":""},"_links":{"self":[{"href":"https:\/\/www.europesays.com\/pt\/wp-json\/wp\/v2\/posts\/116832","targetHints":{"allow":["GET"]}}],"collection":[{"href":"https:\/\/www.europesays.com\/pt\/wp-json\/wp\/v2\/posts"}],"about":[{"href":"https:\/\/www.europesays.com\/pt\/wp-json\/wp\/v2\/types\/post"}],"author":[{"embeddable":true,"href":"https:\/\/www.europesays.com\/pt\/wp-json\/wp\/v2\/users\/2"}],"replies":[{"embeddable":true,"href":"https:\/\/www.europesays.com\/pt\/wp-json\/wp\/v2\/comments?post=116832"}],"version-history":[{"count":0,"href":"https:\/\/www.europesays.com\/pt\/wp-json\/wp\/v2\/posts\/116832\/revisions"}],"wp:featuredmedia":[{"embeddable":true,"href":"https:\/\/www.europesays.com\/pt\/wp-json\/wp\/v2\/media\/116833"}],"wp:attachment":[{"href":"https:\/\/www.europesays.com\/pt\/wp-json\/wp\/v2\/media?parent=116832"}],"wp:term":[{"taxonomy":"category","embeddable":true,"href":"https:\/\/www.europesays.com\/pt\/wp-json\/wp\/v2\/categories?post=116832"},{"taxonomy":"post_tag","embeddable":true,"href":"https:\/\/www.europesays.com\/pt\/wp-json\/wp\/v2\/tags?post=116832"}],"curies":[{"name":"wp","href":"https:\/\/api.w.org\/{rel}","templated":true}]}}