{"id":116834,"date":"2025-10-19T04:11:21","date_gmt":"2025-10-19T04:11:21","guid":{"rendered":"https:\/\/www.europesays.com\/pt\/116834\/"},"modified":"2025-10-19T04:11:21","modified_gmt":"2025-10-19T04:11:21","slug":"fico-chocada-americana-veio-para-esta-cidade-do-algarve-viver-a-reforma-e-revela-quanto-custou-a-sua-casa","status":"publish","type":"post","link":"https:\/\/www.europesays.com\/pt\/116834\/","title":{"rendered":"&#8220;Fico chocada&#8221;: americana veio para esta cidade do Algarve viver a reforma e revela quanto custou a sua casa"},"content":{"rendered":"<p><strong>A norte-americana Veronica Ondrejech reformou-se cedo e decidiu concretizar um sonho antigo: viver na Europa. Escolheu Vila Real de Santo Ant\u00f3nio, no Algarve, onde comprou uma casa com vista para o rio Guadiana e encontrou o equil\u00edbrio que procurava entre custo de vida e qualidade de vida. A sua hist\u00f3ria, contada ao blog Poppin Smoke, ilustra a crescente procura de reformados estrangeiros por Portugal, e em particular pelo sul do pa\u00eds.<\/strong><\/p>\n<p>De acordo com a mesma publica\u00e7\u00e3o, Veronica e o marido, Ray, um veterano da For\u00e7a A\u00e9rea, decidiram reformar-se aos 50 anos. Tinham planeado mudar-se juntos para Portugal, mas Ray faleceu inesperadamente antes da viagem. Mesmo assim, Veronica manteve os planos e mudou-se sozinha para o Algarve em 2017, cumprindo o sonho de ambos.<\/p>\n<p class=\"has-medium-font-size\"><strong>Novo come\u00e7o no Sotavento algarvio<\/strong><\/p>\n<p>Veronica escolheu Vila Real de Santo Ant\u00f3nio ap\u00f3s percorrer v\u00e1rias regi\u00f5es portuguesas. Segundo afirmou em declara\u00e7\u00f5es ao mesmo blog, a cidade oferecia-lhe tudo o que procurava: praia, rio, vida tranquila e boa acessibilidade a outras zonas da Europa. \u201cTem praia, rio, uma pra\u00e7a central e f\u00e1cil acesso a Faro e Sevilha\u201d, descreve. O clima ameno do Algarve foi outro dos fatores decisivos.<\/p>\n<p>A publica\u00e7\u00e3o refere que a casa onde Veronica vive, um apartamento de dois quartos e duas casas de banho, com garagem, custou cerca de 150.000 euros em 2018. O im\u00f3vel tem vista para o rio Guadiana e para o oceano, um dos pontos que mais valoriza. Acrescenta que, com mais 10.000 euros, conseguiu adquirir a garagem no mesmo edif\u00edcio, algo considerado raro na zona.<\/p>\n<p class=\"has-medium-font-size\"><strong>Viver com menos, mas viver melhor<\/strong><\/p>\n<p>A reformada americana considera que o custo de vida no Algarve \u00e9 muito inferior ao da Calif\u00f3rnia. As rendas variam entre 750 e 1.500 euros mensais, dependendo da localiza\u00e7\u00e3o.<\/p>\n<p>\u201cFico chocada toda vez que recebo a conta num restaurante\u201d, afirma, referindo que um menu completo pode custar entre 11 e 12 euros, incluindo bebida, sobremesa e caf\u00e9. <\/p>\n<p>As cervejas e o vinho variam entre um e tr\u00eas euros, e o prato do dia pode custar menos de sete euros. Conforme a mesma fonte, Veronica prefere muitas vezes comer fora a cozinhar em casa, j\u00e1 que os pre\u00e7os s\u00e3o semelhantes.<\/p>\n<p class=\"has-medium-font-size\"><strong>Integra\u00e7\u00e3o e quotidiano<\/strong><\/p>\n<p>O <a href=\"https:\/\/www.poppinsmoke.com\/\" target=\"_blank\" rel=\"noreferrer noopener nofollow\">Poppin Smoke<\/a> escreve que Veronica n\u00e3o encontrou grandes barreiras lingu\u00edsticas no Algarve, onde o ingl\u00eas \u00e9 amplamente falado. Ainda assim, tenta aprender portugu\u00eas, sobretudo por respeito \u00e0 cultura local. Explica que os portugueses s\u00e3o acolhedores e que a regi\u00e3o atrai uma grande comunidade de expatriados brit\u00e2nicos e americanos.<\/p>\n<p>Al\u00e9m do custo de vida, Veronica destaca a seguran\u00e7a e a tranquilidade da regi\u00e3o. Passa os dias entre caf\u00e9s com vista para a marina, mercados locais e encontros com amigos estrangeiros e portugueses. \u201cMuitos dias, sentamo-nos a lanchar e a conversar durante horas. A conta raramente passa dos 20 euros\u201d, contou.<\/p>\n<p class=\"has-medium-font-size\"><strong>Reforma com vista para o Guadiana<\/strong><\/p>\n<p>A norte-americana vive atualmente sozinha, mas recebe visitas frequentes dos filhos e mant\u00e9m contacto pr\u00f3ximo com a fam\u00edlia nos Estados Unidos. \u201cMorar em Portugal n\u00e3o \u00e9 muito diferente, porque j\u00e1 est\u00e1vamos espalhados por v\u00e1rios estados\u201d, refere.<\/p>\n<p>A escolha de Portugal foi resultado de uma combina\u00e7\u00e3o de fatores: clima, custo de vida, seguran\u00e7a e facilidade de integra\u00e7\u00e3o. Para Veronica, reformar-se no Algarve foi mais do que uma mudan\u00e7a de pa\u00eds, foi uma nova forma de viver.<\/p>\n<p><strong>Leia tamb\u00e9m: <a href=\"https:\/\/postal.pt\/economia\/herdeiro-obrigado-a-pagar-92-798e-aos-irmaos-que-o-pai-deserdou-para-deixar-tudo-para-ele-tribunal-decidiu\/\" rel=\"nofollow noopener\" target=\"_blank\">Herdeiro obrigado a pagar 92.798\u20ac aos irm\u00e3os que o pai deserdou para deixar tudo para ele: tribunal decidiu<\/a><\/strong><\/p>\n","protected":false},"excerpt":{"rendered":"A norte-americana Veronica Ondrejech reformou-se cedo e decidiu concretizar um sonho antigo: viver na Europa. Escolheu Vila Real&hellip;\n","protected":false},"author":2,"featured_media":116835,"comment_status":"","ping_status":"","sticky":false,"template":"","format":"standard","meta":{"footnotes":""},"categories":[10],"tags":[27,28,15,16,14,25,26,21,22,12,13,19,20,32,23,24,33,17,18,29,30,31],"class_list":{"0":"post-116834","1":"post","2":"type-post","3":"status-publish","4":"format-standard","5":"has-post-thumbnail","7":"category-portugal","8":"tag-breaking-news","9":"tag-breakingnews","10":"tag-featured-news","11":"tag-featurednews","12":"tag-headlines","13":"tag-latest-news","14":"tag-latestnews","15":"tag-main-news","16":"tag-mainnews","17":"tag-news","18":"tag-noticias","19":"tag-noticias-principais","20":"tag-noticiasprincipais","21":"tag-portugal","22":"tag-principais-noticias","23":"tag-principaisnoticias","24":"tag-pt","25":"tag-top-stories","26":"tag-topstories","27":"tag-ultimas","28":"tag-ultimas-noticias","29":"tag-ultimasnoticias"},"share_on_mastodon":{"url":"","error":""},"_links":{"self":[{"href":"https:\/\/www.europesays.com\/pt\/wp-json\/wp\/v2\/posts\/116834","targetHints":{"allow":["GET"]}}],"collection":[{"href":"https:\/\/www.europesays.com\/pt\/wp-json\/wp\/v2\/posts"}],"about":[{"href":"https:\/\/www.europesays.com\/pt\/wp-json\/wp\/v2\/types\/post"}],"author":[{"embeddable":true,"href":"https:\/\/www.europesays.com\/pt\/wp-json\/wp\/v2\/users\/2"}],"replies":[{"embeddable":true,"href":"https:\/\/www.europesays.com\/pt\/wp-json\/wp\/v2\/comments?post=116834"}],"version-history":[{"count":0,"href":"https:\/\/www.europesays.com\/pt\/wp-json\/wp\/v2\/posts\/116834\/revisions"}],"wp:featuredmedia":[{"embeddable":true,"href":"https:\/\/www.europesays.com\/pt\/wp-json\/wp\/v2\/media\/116835"}],"wp:attachment":[{"href":"https:\/\/www.europesays.com\/pt\/wp-json\/wp\/v2\/media?parent=116834"}],"wp:term":[{"taxonomy":"category","embeddable":true,"href":"https:\/\/www.europesays.com\/pt\/wp-json\/wp\/v2\/categories?post=116834"},{"taxonomy":"post_tag","embeddable":true,"href":"https:\/\/www.europesays.com\/pt\/wp-json\/wp\/v2\/tags?post=116834"}],"curies":[{"name":"wp","href":"https:\/\/api.w.org\/{rel}","templated":true}]}}