{"id":116836,"date":"2025-10-19T04:13:05","date_gmt":"2025-10-19T04:13:05","guid":{"rendered":"https:\/\/www.europesays.com\/pt\/116836\/"},"modified":"2025-10-19T04:13:05","modified_gmt":"2025-10-19T04:13:05","slug":"diego-cruz-e-bianca-andrade-brilham-como-chacrinha-e-elke-no-baile-sephora","status":"publish","type":"post","link":"https:\/\/www.europesays.com\/pt\/116836\/","title":{"rendered":"Diego Cruz e Bianca Andrade brilham como Chacrinha e Elke no Baile Sephora"},"content":{"rendered":"<p>\n                        Criador de conte\u00fado afirmou que n\u00e3o tem vergonha de viver um relacionamento rom\u00e2ntico\n                    <\/p>\n<ul class=\"article__header__author\">\n<li class=\"article__header__author__item\">\n                                                                                    <img loading=\"lazy\" decoding=\"async\" src=\"https:\/\/www.europesays.com\/pt\/wp-content\/uploads\/2025\/10\/whatsapp-image-2024-09-03-at-14-45-48-1hbd9pz0x8oxh.jpeg\" width=\"32\" height=\"32\" title=\"Maria Luiza Valeriano\" alt=\"Maria Luiza Valeriano\" class=\"author-picture\"\/><br \/>\n                                                                            Por:<br \/>\n                                                                                    Maria Luiza Valeriano\n                                                                        <\/li>\n<li class=\"article__header__author__item\">\n                                                                                    <img loading=\"lazy\" decoding=\"async\" src=\"https:\/\/www.europesays.com\/pt\/wp-content\/uploads\/2025\/09\/whatsapp-image-2025-01-27-at-09-05-13-vbcdvwyylr21.jpeg\" width=\"32\" height=\"32\" title=\"Pedro Garcia\" alt=\"Pedro Garcia\" class=\"author-picture\"\/><br \/>\n                                                                            Por:<br \/>\n                                                                                    Pedro Garcia\n                                                                        <\/li>\n<\/ul>\n<p>\n                                                                                                                                                                                                                            18 out<br \/>\n                                    2025<br \/>\n                                     &#8211; 22h07\n                                <\/p>\n<p>\n                                                                                                            (atualizado \u00e0s 22h47)\n                                                                    <\/p>\n<p><img loading=\"lazy\" decoding=\"async\" alt=\"Bianca Andrade e Diego Cruz no Bale da Sephora 2025\" class=\"img-1f7065288b472d01a16fa95ef25ff1a3qa5iqg9s\" height=\"515\" src=\"https:\/\/www.europesays.com\/pt\/wp-content\/uploads\/2025\/10\/bianca-andrade-e-diego-cruz-07-1iv72n4hkgier.JPG\"  title=\"Bianca Andrade e Diego Cruz no Bale da Sephora 2025\" width=\"774\"\/><\/p>\n<p>Bianca Andrade e Diego Cruz no Bale da Sephora 2025<\/p>\n<p>Foto: Marcelo S\u00e1 Barretto e Edu Ara\u00fajo\/Agnews<\/p>\n<p class=\"text\">O criador de conte\u00fado Diego Cruz mostrou que o amor pode, sim, ser cafona &#8212; e com orgulho. Durante a 6\u00aa edi\u00e7\u00e3o do <a href=\"https:\/\/www.terra.com.br\/diversao\/gente\/agnes-nunes-homenageia-elza-soares-no-baile-da-sephora-e-nega-namoro-com-joao-guilherme,297c9a144860a2d9708acb57fd7cca69eolgcg5d.html\" rel=\"nofollow noopener\" target=\"_blank\">Baile de Halloween da Sephora<\/a>, realizada neste s\u00e1bado, 18, em S\u00e3o Paulo, ele falou ao <strong>Terra <\/strong>sobre o relacionamento com <a href=\"https:\/\/www.terra.com.br\/diversao\/gente\/bianca-andrade-revela-detalhes-picantes-do-novo-namoro-e-confessa-surpresa-procurava-o-caos,29dca0a2bf20c4878975b915129164c05alvhhs5.html\" rel=\"nofollow noopener\" target=\"_blank\">Bianca Andrade<\/a> e celebrou o clima de romance entre os dois.<\/p>\n<blockquote>\n<\/blockquote>\n<p class=\"text\">&#8220;O amor \u00e9 cafona mesmo. A gente troca declara\u00e7\u00e3o o tempo todo, a gente \u00e9 muito apaixonado&#8221;, afirmou Diego.\u00a0O casal chamou aten\u00e7\u00e3o pelas fantasias que homenagearam dois grandes nomes da televis\u00e3o brasileira: Chacrinha e Elke Maravilha. Bianca surgiu com um look inspirado na personalidade exuberante da artista, enquanto Diego encarnou o apresentador conhecido pelo humor.<\/p>\n<p class=\"text\">&#8220;Na hora, ela trouxe Elke Maravilha e Chacrinha. Falei &#8216;nossa, demais&#8217;, assim, trazer duas figuras brasileiras&#8221;, contou ele.<\/p>\n<p class=\"text\">O tema do ano \u00e9 &#8220;A M\u00e1quina do Tempo&#8221; e promete fantasias inspiradas em \u00e9pocas &#8211; e personagens &#8211; inesquec\u00edveis.<\/p>\n<blockquote class=\"twitter-tweet\" data-media-max-width=\"560\" id=\"1979725116364988760?ref_src=twsrc%5Etfw\">\n<p class=\"text\" dir=\"ltr\" lang=\"pt\">Diego Cruz, namorado da Boca Rosa, falando que o amor \u00e9 cafona durante Baile de Halloween <a href=\"https:\/\/t.co\/aHmGmapD9X\" rel=\"nofollow\">pic.twitter.com\/aHmGmapD9X<\/a><\/p>\n<p>\u2014 Terra (@Terra) <a href=\"https:\/\/twitter.com\/Terra\/status\/1979725116364988760?ref_src=twsrc%5Etfw\" rel=\"nofollow noopener\" target=\"_blank\">October 19, 2025<\/a><\/p><\/blockquote>\n<p>                            <script async src=\"https:\/\/platform.twitter.com\/widgets.js\" charset=\"utf-8\"><\/script><\/p>\n","protected":false},"excerpt":{"rendered":"Criador de conte\u00fado afirmou que n\u00e3o tem vergonha de viver um relacionamento rom\u00e2ntico Por: Maria Luiza Valeriano Por:&hellip;\n","protected":false},"author":2,"featured_media":116837,"comment_status":"","ping_status":"","sticky":false,"template":"","format":"standard","meta":{"footnotes":""},"categories":[145],"tags":[211,210,114,115,32,33],"class_list":{"0":"post-116836","1":"post","2":"type-post","3":"status-publish","4":"format-standard","5":"has-post-thumbnail","7":"category-celebridades","8":"tag-celebridades","9":"tag-celebrities","10":"tag-entertainment","11":"tag-entretenimento","12":"tag-portugal","13":"tag-pt"},"share_on_mastodon":{"url":"","error":""},"_links":{"self":[{"href":"https:\/\/www.europesays.com\/pt\/wp-json\/wp\/v2\/posts\/116836","targetHints":{"allow":["GET"]}}],"collection":[{"href":"https:\/\/www.europesays.com\/pt\/wp-json\/wp\/v2\/posts"}],"about":[{"href":"https:\/\/www.europesays.com\/pt\/wp-json\/wp\/v2\/types\/post"}],"author":[{"embeddable":true,"href":"https:\/\/www.europesays.com\/pt\/wp-json\/wp\/v2\/users\/2"}],"replies":[{"embeddable":true,"href":"https:\/\/www.europesays.com\/pt\/wp-json\/wp\/v2\/comments?post=116836"}],"version-history":[{"count":0,"href":"https:\/\/www.europesays.com\/pt\/wp-json\/wp\/v2\/posts\/116836\/revisions"}],"wp:featuredmedia":[{"embeddable":true,"href":"https:\/\/www.europesays.com\/pt\/wp-json\/wp\/v2\/media\/116837"}],"wp:attachment":[{"href":"https:\/\/www.europesays.com\/pt\/wp-json\/wp\/v2\/media?parent=116836"}],"wp:term":[{"taxonomy":"category","embeddable":true,"href":"https:\/\/www.europesays.com\/pt\/wp-json\/wp\/v2\/categories?post=116836"},{"taxonomy":"post_tag","embeddable":true,"href":"https:\/\/www.europesays.com\/pt\/wp-json\/wp\/v2\/tags?post=116836"}],"curies":[{"name":"wp","href":"https:\/\/api.w.org\/{rel}","templated":true}]}}