{"id":116843,"date":"2025-10-19T04:31:39","date_gmt":"2025-10-19T04:31:39","guid":{"rendered":"https:\/\/www.europesays.com\/pt\/116843\/"},"modified":"2025-10-19T04:31:39","modified_gmt":"2025-10-19T04:31:39","slug":"ja-houve-sinal-de-consentimento-entre-liliana-e-fabio-joana-expoe-ele-ontem-ouviu","status":"publish","type":"post","link":"https:\/\/www.europesays.com\/pt\/116843\/","title":{"rendered":"J\u00e1 houve sinal de consentimento entre Liliana e F\u00e1bio? Joana exp\u00f5e: &#8220;Ele ontem ouviu&#8230;&#8221;"},"content":{"rendered":"<p>Depois da <a href=\"https:\/\/www.hiper.fm\/liliana-e-fabio-envolveram-se-sexualmente-conversa-privada-da-que-falar-so-peco-que-nao-passem-as-imagens\/\" target=\"_blank\" rel=\"noopener nofollow\">conversa enigm\u00e1tica de Liliana e F\u00e1bio<\/a> na manh\u00e3 desta sexta-feira, 17 de outubro, em que deram a entender que se envolveram sexualmente na casa do Secret Story 9 na noite passada, veio a confirma\u00e7\u00e3o?<\/p>\n<p>No jardim da casa, Joana fez a revela\u00e7\u00e3o: \u201c<strong>Ele ontem ouviu. Como \u00e9 que \u00e9? O sinal de contin\u00eancia?<\/strong>\u201c. Rui corrigiu de imediato: \u201c<strong>De consentimento<\/strong>\u201c.<\/p>\n<p>Visivelmente embara\u00e7ada, a concorrente de Alcochete apercebeu-se do erro e riu-se: \u201c<strong>Como \u00e9 que eu disse? Contin\u00eancia? Fa\u00e7am o sinal de contin\u00eancia!<\/strong>\u201c. Bruno Sim\u00e3o tamb\u00e9m se meteu na conversa: \u201c<strong>E ontem houve uma guerra de almofada<\/strong>\u201c.<\/p>\n<p><a href=\"https:\/\/tvi.iol.pt\/secretstory\/videos\/pedido-de-sinal-de-consentimento-na-noite-passada-e-comentado-entre-concorrentes\/68f24c800cf29d28d828f95d\" target=\"_blank\" rel=\"noopener nofollow\">Veja o v\u00eddeo aqui<\/a>.<\/p>\n","protected":false},"excerpt":{"rendered":"Depois da conversa enigm\u00e1tica de Liliana e F\u00e1bio na manh\u00e3 desta sexta-feira, 17 de outubro, em que deram&hellip;\n","protected":false},"author":2,"featured_media":116844,"comment_status":"","ping_status":"","sticky":false,"template":"","format":"standard","meta":{"footnotes":""},"categories":[142],"tags":[114,115,24844,24621,19091,19016,20646,32,33,27388,151],"class_list":{"0":"post-116843","1":"post","2":"type-post","3":"status-publish","4":"format-standard","5":"has-post-thumbnail","7":"category-tv","8":"tag-entertainment","9":"tag-entretenimento","10":"tag-expu00f5e","11":"tag-fu00e1bio","12":"tag-joana","13":"tag-liliana","14":"tag-ouviu","15":"tag-portugal","16":"tag-pt","17":"tag-sinal-de-consentimento","18":"tag-tv"},"share_on_mastodon":{"url":"","error":""},"_links":{"self":[{"href":"https:\/\/www.europesays.com\/pt\/wp-json\/wp\/v2\/posts\/116843","targetHints":{"allow":["GET"]}}],"collection":[{"href":"https:\/\/www.europesays.com\/pt\/wp-json\/wp\/v2\/posts"}],"about":[{"href":"https:\/\/www.europesays.com\/pt\/wp-json\/wp\/v2\/types\/post"}],"author":[{"embeddable":true,"href":"https:\/\/www.europesays.com\/pt\/wp-json\/wp\/v2\/users\/2"}],"replies":[{"embeddable":true,"href":"https:\/\/www.europesays.com\/pt\/wp-json\/wp\/v2\/comments?post=116843"}],"version-history":[{"count":0,"href":"https:\/\/www.europesays.com\/pt\/wp-json\/wp\/v2\/posts\/116843\/revisions"}],"wp:featuredmedia":[{"embeddable":true,"href":"https:\/\/www.europesays.com\/pt\/wp-json\/wp\/v2\/media\/116844"}],"wp:attachment":[{"href":"https:\/\/www.europesays.com\/pt\/wp-json\/wp\/v2\/media?parent=116843"}],"wp:term":[{"taxonomy":"category","embeddable":true,"href":"https:\/\/www.europesays.com\/pt\/wp-json\/wp\/v2\/categories?post=116843"},{"taxonomy":"post_tag","embeddable":true,"href":"https:\/\/www.europesays.com\/pt\/wp-json\/wp\/v2\/tags?post=116843"}],"curies":[{"name":"wp","href":"https:\/\/api.w.org\/{rel}","templated":true}]}}