{"id":116854,"date":"2025-10-19T05:04:31","date_gmt":"2025-10-19T05:04:31","guid":{"rendered":"https:\/\/www.europesays.com\/pt\/116854\/"},"modified":"2025-10-19T05:04:31","modified_gmt":"2025-10-19T05:04:31","slug":"com-ela-vivi-coisas-que-nao-tive-com-ele","status":"publish","type":"post","link":"https:\/\/www.europesays.com\/pt\/116854\/","title":{"rendered":"Com ela vivi coisas que n\u00e3o tive com ele&#8230;"},"content":{"rendered":"<p>No \u2018Especial\u2019 do Secret Story 9 transmitido na noite desta quinta-feira, 16 de outubro, Vera e Dylan conversaram com Cristina Ferreira no confession\u00e1rio sobre os altos e baixos na rela\u00e7\u00e3o que t\u00eam mantido na casa mais vigiada do Pa\u00eds.<\/p>\n<p>Visto que Vera tem um sentimento por In\u00eas e isso acabou por revoltar Dylan, a concorrente de Vila Nova de Gaia colocou os pontos nos is sobre as diferen\u00e7as entre os dois: \u201c<strong>A In\u00eas foi uma pessoa que teve mais presente que o Dylan<\/strong>\u201c.<\/p>\n<p>\u201c<strong>Desde o primeiro dia que eu e a In\u00eas conseguimos estar bastante pr\u00f3ximas e eu fui muito o apoio da In\u00eas pessoal, sentimental, ela a mim tamb\u00e9m. Com a In\u00eas eu vivi coisas que com o Dylan eu n\u00e3o tive<\/strong>\u201c, referiu.<\/p>\n<p>Dylan reagiu ao que foi dito e n\u00e3o escondeu a surpresa: \u201c<strong>N<\/strong><strong>unca tiveste porque nunca deste abertura para tal. Se tu tinhas um interesse que dizias ter por mim, tamb\u00e9m te cabia a ti procurar-me, n\u00e3o sou eu que tenho de andar atr\u00e1s de ti constantemente para obter alguma coisa de ti, porque caso contr\u00e1rio n\u00e3o \u00e9 uma rela\u00e7\u00e3o, \u00e9 eu andar atr\u00e1s de ti. Se \u00e9 uma rela\u00e7\u00e3o, somos duas pessoas. A partir do momento em que est\u00e3o duas pessoas, tem que haver interesse m\u00fatuo<\/strong>\u201c.<\/p>\n<p>Em virtude do que viveu com Vera, Dylan rapidamente concluiu: \u201c<strong>Basicamente eu tive uma rela\u00e7\u00e3o sozinho, porque s\u00f3 eu \u00e9 que procurava a Vera, mas ela nunca teve a capacidade de me dizer que n\u00e3o estava a resultar<\/strong>\u201c.<\/p>\n<p><a href=\"https:\/\/tvi.iol.pt\/secretstory\/videos\/vera-declara-se-a-ines-e-dylan-nao-disfarca-as-expressoes-faciais\/68f163b90cf285ab53a6139e\" target=\"_blank\" rel=\"noopener nofollow\">Veja o v\u00eddeo aqui<\/a>.<\/p>\n","protected":false},"excerpt":{"rendered":"No \u2018Especial\u2019 do Secret Story 9 transmitido na noite desta quinta-feira, 16 de outubro, Vera e Dylan conversaram&hellip;\n","protected":false},"author":2,"featured_media":116855,"comment_status":"","ping_status":"","sticky":false,"template":"","format":"standard","meta":{"footnotes":""},"categories":[142],"tags":[27390,19105,114,115,26469,32,33,151,11841],"class_list":{"0":"post-116854","1":"post","2":"type-post","3":"status-publish","4":"format-standard","5":"has-post-thumbnail","7":"category-tv","8":"tag-diferenu00e7as","9":"tag-dylan","10":"tag-entertainment","11":"tag-entretenimento","12":"tag-inu00eas","13":"tag-portugal","14":"tag-pt","15":"tag-tv","16":"tag-vera"},"share_on_mastodon":{"url":"","error":""},"_links":{"self":[{"href":"https:\/\/www.europesays.com\/pt\/wp-json\/wp\/v2\/posts\/116854","targetHints":{"allow":["GET"]}}],"collection":[{"href":"https:\/\/www.europesays.com\/pt\/wp-json\/wp\/v2\/posts"}],"about":[{"href":"https:\/\/www.europesays.com\/pt\/wp-json\/wp\/v2\/types\/post"}],"author":[{"embeddable":true,"href":"https:\/\/www.europesays.com\/pt\/wp-json\/wp\/v2\/users\/2"}],"replies":[{"embeddable":true,"href":"https:\/\/www.europesays.com\/pt\/wp-json\/wp\/v2\/comments?post=116854"}],"version-history":[{"count":0,"href":"https:\/\/www.europesays.com\/pt\/wp-json\/wp\/v2\/posts\/116854\/revisions"}],"wp:featuredmedia":[{"embeddable":true,"href":"https:\/\/www.europesays.com\/pt\/wp-json\/wp\/v2\/media\/116855"}],"wp:attachment":[{"href":"https:\/\/www.europesays.com\/pt\/wp-json\/wp\/v2\/media?parent=116854"}],"wp:term":[{"taxonomy":"category","embeddable":true,"href":"https:\/\/www.europesays.com\/pt\/wp-json\/wp\/v2\/categories?post=116854"},{"taxonomy":"post_tag","embeddable":true,"href":"https:\/\/www.europesays.com\/pt\/wp-json\/wp\/v2\/tags?post=116854"}],"curies":[{"name":"wp","href":"https:\/\/api.w.org\/{rel}","templated":true}]}}