{"id":116862,"date":"2025-10-19T05:18:17","date_gmt":"2025-10-19T05:18:17","guid":{"rendered":"https:\/\/www.europesays.com\/pt\/116862\/"},"modified":"2025-10-19T05:18:17","modified_gmt":"2025-10-19T05:18:17","slug":"ultimo-episodio-de-a-fazenda-como-sera-o-final-de-eva-talu-joel-gaspar-leonor-julia-e-mafalda-novelas","status":"publish","type":"post","link":"https:\/\/www.europesays.com\/pt\/116862\/","title":{"rendered":"\u00daltimo epis\u00f3dio de \u00abA Fazenda\u00bb: Como ser\u00e1 o final de Eva, Talu, Joel, Gaspar, Leonor, J\u00falia e Mafalda? &#8211; Novelas"},"content":{"rendered":"<p>O\u00a0<strong>\u00faltimo epis\u00f3dio de \u00abA Fazenda\u00bb<\/strong> vai ser emitido\u00a0j\u00e1 na pr\u00f3xima segunda-feira,<strong> 20 de outubro<\/strong> de 2025. Prepare-se para grandes emo\u00e7\u00f5es.<\/p>\n<p>Como vai ser o fim de Eva e Talu?<\/p>\n<p>Em \u00abA Fazenda\u00bb, <a href=\"https:\/\/tvi.iol.pt\/novelas\/videos\/eva-e-joel-beijam-se-apaixonadamente\/6776a2000cf23e044af75c9b\" rel=\"nofollow noopener\" target=\"_blank\">Eva (Margarida Corceiro)<\/a>\u00a0e <a href=\"https:\/\/tvi.iol.pt\/novelas\/ator\/eva-borges-lacerda\/67348807d34e94b829075ef1\" target=\"_blank\" rel=\"nofollow noopener\"><strong data-end=\"548\" data-start=\"540\">Talu (Evandro Gomes)<\/strong><\/a>\u00a0passeiam nas luxuriantes paisagens angolanas, mais unidos e apaixonados que nunca.<\/p>\n<p><a href=\"https:\/\/tvi.iol.pt\/novelas\/videos\/leonor-esta-fora-de-si-e-exige-a-alba-diz-me-onde-e-que-esta-a-eva-ou-eu-chamo-a-policia\/67d45e150cf216cd3ad3375c\" wbo-id=\"51\" rel=\"nofollow noopener\" target=\"_blank\">Leonor (Dalila Carmo)<\/a>\u00a0vem ter com <a href=\"https:\/\/tvi.iol.pt\/novelas\/videos\/para-ele-retirar-a-queixa-tu-prometeste-que-te-afastavas-de-mim\/67924a3a0cf216cd3ad316a6\" wbo-id=\"52\" rel=\"nofollow noopener\" target=\"_blank\">Gaspar (Nuno Lopes<\/a>), abra\u00e7ando-o enquanto confirma que as tr\u00eas filhas encontraram a felicidade por terem conseguido ficar com quem amam. Gaspar e Leonor afastam-se a cavalo, juntos e apaixonados para todo o sempre.<\/p>\n<p>Relembre-se e que Talu tinha deixado Eva, pois estava a ser chantageado:<\/p>\n<p>Gaspar e Leonor viver felizes para sempre? <\/p>\n<p>Em \u00abA Fazenda\u00bb, <a href=\"https:\/\/tvi.iol.pt\/novelas\/videos\/leonor-esta-fora-de-si-e-exige-a-alba-diz-me-onde-e-que-esta-a-eva-ou-eu-chamo-a-policia\/67d45e150cf216cd3ad3375c\" wbo-id=\"51\" rel=\"nofollow noopener\" target=\"_blank\">Leonor (Dalila Carmo)<\/a>\u00a0vem ter com <a href=\"https:\/\/tvi.iol.pt\/novelas\/videos\/para-ele-retirar-a-queixa-tu-prometeste-que-te-afastavas-de-mim\/67924a3a0cf216cd3ad316a6\" wbo-id=\"52\" rel=\"nofollow noopener\" target=\"_blank\">Gaspar (Nuno Lopes<\/a>), abra\u00e7ando-o enquanto confirma que as tr\u00eas filhas encontraram a felicidade por terem conseguido ficar com quem amam, <a href=\"https:\/\/tvi.iol.pt\/novelas\/videos\/eva-e-joel-beijam-se-apaixonadamente\/6776a2000cf23e044af75c9b\" rel=\"nofollow noopener\" target=\"_blank\">Eva (Margarida Corceiro)<\/a>\u00a0com <a href=\"https:\/\/tvi.iol.pt\/novelas\/ator\/eva-borges-lacerda\/67348807d34e94b829075ef1\" target=\"_blank\" rel=\"nofollow noopener\"><strong data-end=\"548\" data-start=\"540\">Talu (Evandro Gomes)<\/strong><\/a>, <a href=\"https:\/\/tvi.iol.pt\/novelas\/search?pagina=1&amp;pesquisa=kelly+bailey\" rel=\"nofollow noopener\" target=\"_blank\">J\u00falia (Kelly Bailey)<\/a>\u00a0com <a href=\"https:\/\/tvi.iol.pt\/novelas\/videos\/ary-exalta-se-mereces-que-a-lili-nao-queira-ficar-contigo\/677be9e00cf28c51602e50eb\" rel=\"nofollow noopener\" target=\"_blank\">Ary (Isaac Alfaiate<\/a>), e <a href=\"https:\/\/tvi.iol.pt\/novelas\/videos\/o-reenconto-emocionante-de-mafalda-e-eduardo\/677e95eb0cf23ab655363994\" rel=\"nofollow noopener\" target=\"_blank\">Mafalda (In\u00eas Aguiar)<\/a>\u00a0com <a href=\"https:\/\/tvi.iol.pt\/novelas\/videos\/eduardo-ouve-conversa-comprometedora-entre-alba-e-miro\/6777f46d0cf28c51602e4f3d\" rel=\"nofollow noopener\" target=\"_blank\">Eduardo (Diogo Amaral)<\/a>.<\/p>\n<p>Gaspar e Leonor afastam-se a cavalo, juntos e apaixonados para todo o sempre.<\/p>\n<p>Recorde esta hist\u00f3ria de amor:<\/p>\n<p>Mafalda fica com quem? <\/p>\n<p>Em \u00abA Fazenda\u00bb, <a href=\"https:\/\/tvi.iol.pt\/novelas\/videos\/eduardo-ouve-conversa-comprometedora-entre-alba-e-miro\/6777f46d0cf28c51602e4f3d\" rel=\"nofollow noopener\" target=\"_blank\">Eduardo (Diogo Amaral)<\/a>\u00a0pede desculpa a <a href=\"https:\/\/tvi.iol.pt\/novelas\/videos\/o-reenconto-emocionante-de-mafalda-e-eduardo\/677e95eb0cf23ab655363994\" rel=\"nofollow noopener\" target=\"_blank\">Mafalda (In\u00eas Aguiar)<\/a>\u00a0por ter acusado injustamente <a href=\"https:\/\/tvi.iol.pt\/novelas\/videos\/gustavo-anuncia-decisao-drastica-de-mafalda-nao-quer-trabalhar-mais-aqui\/677fd0870cf23ab655363afc\" rel=\"nofollow noopener\" target=\"_blank\">Gustavo (Nuno Pardal)<\/a> de a tentar matar.<\/p>\n<p>Eduardo diz a Mafalda ter deixado Sofia (Marta Melro) por causa dela. Mafalda sorri e beija Eduardo, que corresponde.<\/p>\n<p>De recordar que Eduardo achava que Gustavo era o mentor do ataque a Mafalda com a cobra:<\/p>\n<p>J\u00falia e Ary entendem-se? <\/p>\n<p><a href=\"https:\/\/tvi.iol.pt\/novelas\/videos\/ary-exalta-se-mereces-que-a-lili-nao-queira-ficar-contigo\/677be9e00cf28c51602e50eb\" rel=\"nofollow noopener\" target=\"_blank\">Ary (Isaac Alfaiate<\/a>) pede desculpa a <a href=\"https:\/\/tvi.iol.pt\/novelas\/search?pagina=1&amp;pesquisa=kelly+bailey\" rel=\"nofollow noopener\" target=\"_blank\">J\u00falia (Kelly Bailey)<\/a>\u00a0por n\u00e3o ter acreditado nela. <a href=\"https:\/\/tvi.iol.pt\/novelas\/videos\/daniela-recusa-dar-aulas-a-lili-por-ciumes\/675300360cf2f130c2999df9\" rel=\"nofollow noopener\" target=\"_blank\">Daniela (Soraia Tavares)<\/a>\u00a0entra, ficando de imediato furiosa ao ver ali J\u00falia. Esta decide n\u00e3o entrar em confronto, saindo. Weza e <a href=\"https:\/\/tvi.iol.pt\/novelas\/videos\/januario-e-detido-para-defender-talu\/674f12eb0cf2f130c2999b35\" rel=\"nofollow noopener\" target=\"_blank\">Janu\u00e1rio (Hoji Fortuna)<\/a>\u00a0chegam a dizer reprovadores a Daniela j\u00e1 saberem que ela ficou com metade da fazenda chantageando <a href=\"https:\/\/tvi.iol.pt\/novelas\/videos\/foi-assim-que-lukenia-soube-que-samuel-e-filho-de-gaspar\/6772bbdc0cf28c51602e4db1\" rel=\"nofollow noopener\" target=\"_blank\">Lukenia (Rita Cruz)<\/a>. <a href=\"https:\/\/tvi.iol.pt\/novelas\/videos\/lukenia-e-rude-com-weza-acabaram-os-abusos-e-as-confiancas\/674477710cf2f130c299972e\" rel=\"nofollow noopener\" target=\"_blank\">Weza (Cl\u00e1udia Semedo)<\/a>\u00a0e Janu\u00e1rio acusam Daniela de ser igual a Lukenia, indo ficar sem nada, com <a href=\"https:\/\/tvi.iol.pt\/novelas\/videos\/para-ele-retirar-a-queixa-tu-prometeste-que-te-afastavas-de-mim\/67924a3a0cf216cd3ad316a6\" wbo-id=\"52\" rel=\"nofollow noopener\" target=\"_blank\">Gaspar (Nuno Lopes<\/a>) tamb\u00e9m a n\u00e3o querer que ela continue na escola.<\/p>\n<p>Daniela vira-se para Ary, mas este tamb\u00e9m lhe vira costas, deixando-a sozinha.<\/p>\n<p>Ary aproxima-se a dizer a J\u00falia que j\u00e1 n\u00e3o vai casar-se com Daniela, dizendo n\u00e3o querer fugir mais a ser apaixonado por ela desde o primeiro dia que a viu, propondo ficarem juntos. J\u00falia sorri emocionada, beijando Ary, que corresponde.<\/p>\n<p>Recorde-se que Ary ficou prestes a casar com Daniela, ap\u00f3s J\u00falia ter ido para Lisboa:<\/p>\n<p>O que vai acontecer a Duarte? <\/p>\n<p>Em \u00abA Fazenda\u00bb, <a href=\"https:\/\/tvi.iol.pt\/novelas\/videos\/para-ele-retirar-a-queixa-tu-prometeste-que-te-afastavas-de-mim\/67924a3a0cf216cd3ad316a6\" wbo-id=\"52\" rel=\"nofollow noopener\" target=\"_blank\">Gaspar (Nuno Lopes<\/a>) diz que <a href=\"https:\/\/tvi.iol.pt\/novelas\/videos\/vania-e-duarte-roubam-leti\/674711290cf28c51602e3c65\" rel=\"nofollow noopener\" target=\"_blank\">Duarte (Cl\u00e1udio de Castro)<\/a>\u00a0vai para a pris\u00e3o mal esteja recuperado do tiro que sofreu. <a href=\"https:\/\/tvi.iol.pt\/novelas\/videos\/ary-exalta-se-mereces-que-a-lili-nao-queira-ficar-contigo\/677be9e00cf28c51602e50eb\" rel=\"nofollow noopener\" target=\"_blank\">Ary (Isaac Alfaiate<\/a>) diz raivoso que ele devia ter morrido. <a href=\"https:\/\/tvi.iol.pt\/novelas\/videos\/o-reenconto-emocionante-de-mafalda-e-eduardo\/677e95eb0cf23ab655363994\" rel=\"nofollow noopener\" target=\"_blank\">Mafalda (In\u00eas Aguiar)<\/a>\u00a0diz n\u00e3o saber se Duarte ficar\u00e1 preso se n\u00e3o houver provas contra ele.<\/p>\n<p>Duarte esbo\u00e7a ar satisfeito ao ver <a href=\"https:\/\/tvi.iol.pt\/novelas\/videos\/relacao-de-miro-e-leti-esta-por-um-fio\/675ae26f0cf28c51602e4612\" rel=\"nofollow noopener\" target=\"_blank\">Miro (Pedro Hossi)<\/a>, vendo ali uma hip\u00f3tese de conseguir escapar \u00e0 pris\u00e3o. Miro alerta Duarte n\u00e3o ter vindo ali para defend\u00ea-lo, como sempre fez toda a sua vida, mas sim para dizer que percebeu que errou ao proteg\u00ea-lo de todos os crimes que ele cometeu, dizendo esperar que ele consiga perceber um dia que n\u00e3o pode manipular e magoar os outros como fez com ele e <a href=\"https:\/\/tvi.iol.pt\/novelas\/ator\/alba-meireles\/67348fd7d34e94b829075f7d\" target=\"_blank\" rel=\"nofollow noopener\">Alba (S\u00e3o Jos\u00e9 Correia)<\/a>. Duarte desvia o olhar de Miro, que sai resoluto.<\/p>\n<p>Alba e Miro concordam desolados que cometeram muitos erros com Duarte, dizendo que ele tem de ser mesmo punido por todo o mal que fez. Miro diz a Alba que apesar de tudo por que passaram, ela ser\u00e1 sempre a mulher da sua vida, querendo ficar com ela, mesmo que agora tenham de come\u00e7ar do zero. Alba assente, mas avisa-o n\u00e3o o querer partilhar com mais ningu\u00e9m. Sorriem e beijam-se apaixonadamente.<\/p>\n<p>De relembrar a forma como Alba teve a certeza que Duarte tinha violado a prima:<\/p>\n<p>Qual o final de Joel? <\/p>\n<p>Em \u00abA Fazenda\u00bb, <a href=\"https:\/\/tvi.iol.pt\/novelas\/videos\/eva-e-joel-beijam-se-apaixonadamente\/6776a2000cf23e044af75c9b\" rel=\"nofollow noopener\" target=\"_blank\">Eva (Margarida Corceiro)<\/a>\u00a0recebe surpresa a visita de <a href=\"https:\/\/tvi.iol.pt\/novelas\/videos\/joel-declara-se-a-eva-nunca-quis-atravessar-me-entre-ti-e-o-talu\/676ac3630cf2f130c299a685\" rel=\"nofollow noopener\" target=\"_blank\">Joel (Jo\u00e3o Jesus)<\/a>, que lhe pede desculpa por tudo o que lhe fez, mas defendendo-se que a ama.<\/p>\n<p>Joel diz ir entregar-se \u00e0 pol\u00edcia, mas Eva pede-lhe que n\u00e3o o fa\u00e7a, dizendo querer encerrar aquela hist\u00f3ria sem mais sentimentos de culpa.<\/p>\n<p>Joel tenta aproximar-se dela, mas a jovem n\u00e3o deixa. Eva permite que o neto de <a href=\"https:\/\/tvi.iol.pt\/novelas\/videos\/zulmira-da-licao-a-alba-o-amor-vence-sempre-o-odio\/6756f2280cf23e044af75246\" rel=\"nofollow noopener\" target=\"_blank\">Zulmira (Helena Isabel)<\/a>\u00a0v\u00e1 embora sem que seja punido.<\/p>\n<p>Recorde-se que Joel raptou Eva e drogou-a:<\/p>\n","protected":false},"excerpt":{"rendered":"O\u00a0\u00faltimo epis\u00f3dio de \u00abA Fazenda\u00bb vai ser emitido\u00a0j\u00e1 na pr\u00f3xima segunda-feira, 20 de outubro de 2025. Prepare-se para&hellip;\n","protected":false},"author":2,"featured_media":116863,"comment_status":"","ping_status":"","sticky":false,"template":"","format":"standard","meta":{"footnotes":""},"categories":[142],"tags":[657,160,166,3971,114,115,722,681,157,167,2380,720,164,2413,2411,3972,724,719,161,2378,158,165,159,32,33,156,683,163,151,162,27391],"class_list":{"0":"post-116862","1":"post","2":"type-post","3":"status-publish","4":"format-standard","5":"has-post-thumbnail","7":"category-tv","8":"tag-a-fazenda","9":"tag-ana-guiomar","10":"tag-cristina-ferreira","11":"tag-dalila-carmo","12":"tag-entertainment","13":"tag-entretenimento","14":"tag-eva","15":"tag-evandro-gomes","16":"tag-festa-e-festa","17":"tag-ficcao","18":"tag-gaspar","19":"tag-ines-aguiar","20":"tag-jose-fidalgo","21":"tag-julia","22":"tag-kelly-bailey","23":"tag-leonor","24":"tag-mafalda","25":"tag-margarida-corceiro","26":"tag-novelas","27":"tag-nuno-lopes","28":"tag-para-sempre","29":"tag-pedro-sousa","30":"tag-pedro-teixeira","31":"tag-portugal","32":"tag-pt","33":"tag-queridos-papas","34":"tag-talu","35":"tag-tiago-teotonio-pereira","36":"tag-tv","37":"tag-tvi","38":"tag-ultimo-episodio"},"share_on_mastodon":{"url":"","error":""},"_links":{"self":[{"href":"https:\/\/www.europesays.com\/pt\/wp-json\/wp\/v2\/posts\/116862","targetHints":{"allow":["GET"]}}],"collection":[{"href":"https:\/\/www.europesays.com\/pt\/wp-json\/wp\/v2\/posts"}],"about":[{"href":"https:\/\/www.europesays.com\/pt\/wp-json\/wp\/v2\/types\/post"}],"author":[{"embeddable":true,"href":"https:\/\/www.europesays.com\/pt\/wp-json\/wp\/v2\/users\/2"}],"replies":[{"embeddable":true,"href":"https:\/\/www.europesays.com\/pt\/wp-json\/wp\/v2\/comments?post=116862"}],"version-history":[{"count":0,"href":"https:\/\/www.europesays.com\/pt\/wp-json\/wp\/v2\/posts\/116862\/revisions"}],"wp:featuredmedia":[{"embeddable":true,"href":"https:\/\/www.europesays.com\/pt\/wp-json\/wp\/v2\/media\/116863"}],"wp:attachment":[{"href":"https:\/\/www.europesays.com\/pt\/wp-json\/wp\/v2\/media?parent=116862"}],"wp:term":[{"taxonomy":"category","embeddable":true,"href":"https:\/\/www.europesays.com\/pt\/wp-json\/wp\/v2\/categories?post=116862"},{"taxonomy":"post_tag","embeddable":true,"href":"https:\/\/www.europesays.com\/pt\/wp-json\/wp\/v2\/tags?post=116862"}],"curies":[{"name":"wp","href":"https:\/\/api.w.org\/{rel}","templated":true}]}}