{"id":116868,"date":"2025-10-19T05:24:10","date_gmt":"2025-10-19T05:24:10","guid":{"rendered":"https:\/\/www.europesays.com\/pt\/116868\/"},"modified":"2025-10-19T05:24:10","modified_gmt":"2025-10-19T05:24:10","slug":"astronomos-descobrem-agua-interestelar-intacta-em-um-disco-de-formacao-de-exoplanetas-tribuna-do-agreste","status":"publish","type":"post","link":"https:\/\/www.europesays.com\/pt\/116868\/","title":{"rendered":"Astr\u00f4nomos descobrem \u00e1gua interestelar intacta em um disco de forma\u00e7\u00e3o de exoplanetas :: Tribuna do Agreste"},"content":{"rendered":"<p>\t\t\t\t\t\t\t<img decoding=\"async\" loading=\"lazy\" src=\"https:\/\/www.europesays.com\/pt\/wp-content\/uploads\/2025\/10\/ce471978c999cb9df483b774984bba3d9e6.jpg\" class=\"img-100\" alt=\"\"\/><\/p>\n<p>\t\t\t\t\t\t\u00a9 telegram SputnikBrasil \/ Acessar o banco de imagens<\/p>\n<p> Astr\u00f4nomos descobrem \u00e1gua interestelar intacta em um disco de forma\u00e7\u00e3o de exoplanetasAstr\u00f4nomos fizeram uma descoberta in\u00e9dita ao detectar \u00e1gua pesada em um disco de forma\u00e7\u00e3o planet\u00e1ria ao redor da jovem estrela V883 Orionis. Essa evid\u00eancia sugere que a \u00e1gua presente nesse sistema \u00e9 anterior \u00e0 pr\u00f3pria estrela, tendo se originado na nuvem molecular fria e escura que deu origem \u00e0 V883 Ori, localizada a 1.350 anos-luz da Terra, na Nebulosa de \u00d3rion.A observa\u00e7\u00e3o foi realizada pelo Grande Conjunto Milim\u00e9trico\/Submilim\u00e9trico do Atacama (ALMA, na sigla em ingl\u00eas), uma rede de 66 antenas no Chile. A presen\u00e7a de \u00e1gua pesada \u2014 uma forma de \u00e1gua composta por dois \u00e1tomos de deut\u00e9rio em vez de hidrog\u00eanio \u2014 \u00e9 significativa porque sua propor\u00e7\u00e3o em rela\u00e7\u00e3o \u00e0 \u00e1gua comum pode revelar a origem e a hist\u00f3ria da subst\u00e2ncia em sistemas planet\u00e1rios.Siga a @sputnikbrasil no Telegram<\/p>\n<p>Por Sputinik Brasil<\/p>\n","protected":false},"excerpt":{"rendered":"\u00a9 telegram SputnikBrasil \/ Acessar o banco de imagens Astr\u00f4nomos descobrem \u00e1gua interestelar intacta em um disco de&hellip;\n","protected":false},"author":2,"featured_media":116869,"comment_status":"","ping_status":"","sticky":false,"template":"","format":"standard","meta":{"footnotes":""},"categories":[84],"tags":[15048,9012,15039,726,15045,211,109,107,108,315,15041,15046,476,1062,15044,15043,3276,15040,3177,62,15038,52,32,33,15042,105,103,104,15047,106,110],"class_list":{"0":"post-116868","1":"post","2":"type-post","3":"status-publish","4":"format-standard","5":"has-post-thumbnail","7":"category-ciencia-e-tecnologia","8":"tag-agreste","9":"tag-alagoas","10":"tag-arapiraca","11":"tag-brasil","12":"tag-cacimbinhas","13":"tag-celebridades","14":"tag-ciencia","15":"tag-ciencia-e-tecnologia","16":"tag-cienciaetecnologia","17":"tag-cultura","18":"tag-delmiro-gouveia","19":"tag-dois-riachos","20":"tag-economia","21":"tag-esportes","22":"tag-estrela-de-alagoas","23":"tag-igaci","24":"tag-litoral","25":"tag-maceio","26":"tag-meio-ambiente","27":"tag-mundo","28":"tag-palmeira-dos-indios","29":"tag-politica","30":"tag-portugal","31":"tag-pt","32":"tag-santana-do-ipanema","33":"tag-science","34":"tag-science-and-technology","35":"tag-scienceandtechnology","36":"tag-sertao","37":"tag-technology","38":"tag-tecnologia"},"share_on_mastodon":{"url":"","error":""},"_links":{"self":[{"href":"https:\/\/www.europesays.com\/pt\/wp-json\/wp\/v2\/posts\/116868","targetHints":{"allow":["GET"]}}],"collection":[{"href":"https:\/\/www.europesays.com\/pt\/wp-json\/wp\/v2\/posts"}],"about":[{"href":"https:\/\/www.europesays.com\/pt\/wp-json\/wp\/v2\/types\/post"}],"author":[{"embeddable":true,"href":"https:\/\/www.europesays.com\/pt\/wp-json\/wp\/v2\/users\/2"}],"replies":[{"embeddable":true,"href":"https:\/\/www.europesays.com\/pt\/wp-json\/wp\/v2\/comments?post=116868"}],"version-history":[{"count":0,"href":"https:\/\/www.europesays.com\/pt\/wp-json\/wp\/v2\/posts\/116868\/revisions"}],"wp:featuredmedia":[{"embeddable":true,"href":"https:\/\/www.europesays.com\/pt\/wp-json\/wp\/v2\/media\/116869"}],"wp:attachment":[{"href":"https:\/\/www.europesays.com\/pt\/wp-json\/wp\/v2\/media?parent=116868"}],"wp:term":[{"taxonomy":"category","embeddable":true,"href":"https:\/\/www.europesays.com\/pt\/wp-json\/wp\/v2\/categories?post=116868"},{"taxonomy":"post_tag","embeddable":true,"href":"https:\/\/www.europesays.com\/pt\/wp-json\/wp\/v2\/tags?post=116868"}],"curies":[{"name":"wp","href":"https:\/\/api.w.org\/{rel}","templated":true}]}}