{"id":11688,"date":"2025-08-01T15:17:14","date_gmt":"2025-08-01T15:17:14","guid":{"rendered":"https:\/\/www.europesays.com\/pt\/11688\/"},"modified":"2025-08-01T15:17:14","modified_gmt":"2025-08-01T15:17:14","slug":"esta-pequena-casa-de-madeira-e-autonoma-e-fica-na-costa-da-caparica-fotogaleria","status":"publish","type":"post","link":"https:\/\/www.europesays.com\/pt\/11688\/","title":{"rendered":"Esta \u201cpequena casa\u201d de madeira \u00e9 aut\u00f3noma e fica na Costa da Caparica | Fotogaleria"},"content":{"rendered":"<p>\u201cMorena\u201d foi o nome escolhido para esta casa pr\u00f3xima da Praia da Morena, na Costa da Caparica. \u201c\u00c9 uma tradi\u00e7\u00e3o nossa dar \u00e0s casas os nomes das praias que as acolhem, como forma de enraizar cada projecto no seu territ\u00f3rio\u201d, admite Gon\u00e7alo Marrote, director-executivo do <a href=\"https:\/\/www.madeiguincho.pt\/\" target=\"_blank\" rel=\"nofollow noopener\">atelier\u00a0Madeiguincho<\/a>.<\/p>\n<p>O espa\u00e7o, apesar de pensado para uma pessoa, acomoda facilmente duas ou tr\u00eas, gra\u00e7as \u00e0 exist\u00eancia de um segundo quarto, que pode tamb\u00e9m ser usado como espa\u00e7o de leitura ou descanso. A constru\u00e7\u00e3o \u00e9 totalmente off-grid, capaz de operar de forma independente, j\u00e1 que est\u00e1 equipada com pain\u00e9is solares, uma sanita seca \u2500 habitual nos projectos da empresa \u2500 e um sistema que recolhe a \u00e1gua da chuva.<\/p>\n<p>Esta \u201cpequena casa\u201d \u00e9 a oportunidade de a propriet\u00e1ria viver uma vida simples e pr\u00f3xima \u00e0 natureza, muito semelhante aos ver\u00f5es que passava, durante a inf\u00e2ncia, na cabana familiar numa floresta sueca. \u201cEsta \u00e9 uma raz\u00e3o comum entre v\u00e1rios dos nossos clientes, sobretudo aqueles que se encontram numa fase de transi\u00e7\u00e3o de vida, como a reforma. Procuram um espa\u00e7o que ofere\u00e7a sil\u00eancio, beleza e autonomia\u201d, esclarece o arquitecto.<\/p>\n<p>A casa conta com dois quartos, cozinha e casa de banho. Demorou sete semanas a ser conclu\u00edda e teve em conta dois simples pedidos da dona: uma janela redonda e bastante arruma\u00e7\u00e3o. Para isso, a cozinha foi introduzida como corredor, com oportunidade de arruma\u00e7\u00e3o nas escadas que levam ao quarto superior.<\/p>\n<p>No interior, as paredes s\u00e3o revestidas com b\u00e9tula, \u201cuma madeira dura e clara que oferece robustez ao espa\u00e7o\u201d. Para contrastar, o tecto \u00e9 em casquinha, com uma tonalidade mais quente e textura mais marcada. Entre as paredes interiores e o revestimento exterior existe uma c\u00e2mara-de-ar \u201cque melhora o comportamento t\u00e9rmico, favorece a ventila\u00e7\u00e3o e prolonga a longevidade dos materiais\u201d. O pavimento \u00e9 em pinho e a casa de banho \u00e9 revestida com madeira termotratada, \u201cuma op\u00e7\u00e3o resistente \u00e0 humidade\u201d, explica o arquitecto.<\/p>\n<p>A criptom\u00e9ria japonesa, proveniente dos A\u00e7ores, foi usada na estrutura da casa por ser \u201cuma madeira leve, resistente e com excelente desempenho estrutural\u201d. No exterior, a casa \u00e9 revestida com madeira escurecida, uma t\u00e9cnica japonesa que consiste em queimar a superf\u00edcie da madeira, de forma a melhorar a resist\u00eancia a condi\u00e7\u00f5es clim\u00e1ticas extremas. Todas as madeiras exteriores foram ainda tratadas com v\u00e1rias camadas de tintas e \u00f3leos naturais que conferem durabilidade.<\/p>\n<p>\u201cContudo, como qualquer constru\u00e7\u00e3o em madeira exposta ao exterior, \u00e9 necess\u00e1rio um plano de manuten\u00e7\u00e3o a longo prazo. \u00c9 uma rela\u00e7\u00e3o cont\u00ednua entre a casa e o seu habitante, como cuidar de um jardim ou de um barco\u201d, concluiu o arquitecto.<\/p>\n","protected":false},"excerpt":{"rendered":"\u201cMorena\u201d foi o nome escolhido para esta casa pr\u00f3xima da Praia da Morena, na Costa da Caparica. \u201c\u00c9&hellip;\n","protected":false},"author":2,"featured_media":11689,"comment_status":"","ping_status":"","sticky":false,"template":"","format":"standard","meta":{"footnotes":""},"categories":[144],"tags":[207,205,206,203,201,202,204,114,115,32,33],"class_list":{"0":"post-11688","1":"post","2":"type-post","3":"status-publish","4":"format-standard","5":"has-post-thumbnail","7":"category-arte-e-design","8":"tag-arte","9":"tag-arte-e-design","10":"tag-artedesign","11":"tag-arts","12":"tag-arts-and-design","13":"tag-artsanddesign","14":"tag-design","15":"tag-entertainment","16":"tag-entretenimento","17":"tag-portugal","18":"tag-pt"},"share_on_mastodon":{"url":"","error":""},"_links":{"self":[{"href":"https:\/\/www.europesays.com\/pt\/wp-json\/wp\/v2\/posts\/11688","targetHints":{"allow":["GET"]}}],"collection":[{"href":"https:\/\/www.europesays.com\/pt\/wp-json\/wp\/v2\/posts"}],"about":[{"href":"https:\/\/www.europesays.com\/pt\/wp-json\/wp\/v2\/types\/post"}],"author":[{"embeddable":true,"href":"https:\/\/www.europesays.com\/pt\/wp-json\/wp\/v2\/users\/2"}],"replies":[{"embeddable":true,"href":"https:\/\/www.europesays.com\/pt\/wp-json\/wp\/v2\/comments?post=11688"}],"version-history":[{"count":0,"href":"https:\/\/www.europesays.com\/pt\/wp-json\/wp\/v2\/posts\/11688\/revisions"}],"wp:featuredmedia":[{"embeddable":true,"href":"https:\/\/www.europesays.com\/pt\/wp-json\/wp\/v2\/media\/11689"}],"wp:attachment":[{"href":"https:\/\/www.europesays.com\/pt\/wp-json\/wp\/v2\/media?parent=11688"}],"wp:term":[{"taxonomy":"category","embeddable":true,"href":"https:\/\/www.europesays.com\/pt\/wp-json\/wp\/v2\/categories?post=11688"},{"taxonomy":"post_tag","embeddable":true,"href":"https:\/\/www.europesays.com\/pt\/wp-json\/wp\/v2\/tags?post=11688"}],"curies":[{"name":"wp","href":"https:\/\/api.w.org\/{rel}","templated":true}]}}