{"id":116881,"date":"2025-10-19T05:50:10","date_gmt":"2025-10-19T05:50:10","guid":{"rendered":"https:\/\/www.europesays.com\/pt\/116881\/"},"modified":"2025-10-19T05:50:10","modified_gmt":"2025-10-19T05:50:10","slug":"variante-da-gripe-encontrada-na-china-preocupa-cientistas-e-causa-temor-noticias-r7","status":"publish","type":"post","link":"https:\/\/www.europesays.com\/pt\/116881\/","title":{"rendered":"variante da gripe encontrada na China preocupa cientistas e causa temor \u2013 Noticias R7"},"content":{"rendered":"<p>LEIA AQUI O RESUMO DA NOT\u00cdCIA<\/p>\n<ul class=\"b-article-body-custom-embed-brief-news__list\" style=\"margin: 0; padding-left: 20px; list-style-type: disc;\">\n<li>Cientistas chineses alertam sobre uma nova variante de gripe, a Influenza D, que est\u00e1 se espalhando entre bovinos e mostra sinais de adapta\u00e7\u00e3o a humanos.<\/li>\n<li>A cepa D\/HY11, identificada em 2023, pode replicar-se em c\u00e9lulas humanas e se espalha pelo ar, aumentando o risco de uma nova pandemia.<\/li>\n<li>Estudos indicam que 74% da popula\u00e7\u00e3o do nordeste da China j\u00e1 foi exposta ao v\u00edrus, com um alto percentual de infec\u00e7\u00f5es silenciosas.<\/li>\n<li>Especialistas pedem vigil\u00e2ncia constante e desenvolvimento de vacinas para prevenir a transmiss\u00e3o sustentada entre humanos e evitar uma nova crise de sa\u00fade p\u00fablica.<\/li>\n<\/ul>\n<p style=\"font-size: 0.8em; font-style: italic; text-align: right; margin-top: 15px; padding-bottom: 5px; margin-bottom: 0;\">Produzido pela Ri7a &#8211; a Intelig\u00eancia Artificial do R7<\/p>\n<p><img decoding=\"async\" data-chromatic=\"ignore\" alt=\"\" class=\"c-image\" loading=\"lazy\" src=\"https:\/\/www.europesays.com\/pt\/wp-content\/uploads\/2025\/10\/F6HF5JIGFNBGFE73JWDSC6P6IQ.jpg\"  width=\"1410\" height=\"1050\"\/>V\u00edrus da Influenza D gera termores de uma nova pandemia Vuong Viet\/Pixabay <\/p>\n<p class=\"jarvics:base-text-neutral-high-400 base-text-[calc(theme(fontSize.xs)_*_var(--font-size,_1))] base-font-normal base-font-primary base-text-neutral-low-500 base-text-left\"><a href=\"https:\/\/record.r7.com\/fala-brasil\/cientistas-chineses-alcancam-cura-para-caso-de-diabetes-tipo-2-17062025\/\" target=\"_blank\" rel=\"noreferrer nofollow noopener\" title=\"https:\/\/record.r7.com\/fala-brasil\/cientistas-chineses-alcancam-cura-para-caso-de-diabetes-tipo-2-17062025\/\">Cientistas chineses<\/a> soaram o alarme sobre uma nova variante de um v\u00edrus que est\u00e1 se espalhando rapidamente entre bovinos e j\u00e1 mostra sinais preocupantes de adapta\u00e7\u00e3o a humanos. A <a href=\"https:\/\/noticias.r7.com\/jr-24h\/conteudo-exclusivo\/fotos\/7-perguntas-e-respostas-sobre-a-vacina-da-gripe-27022025\/\" target=\"_blank\" rel=\"noreferrer nofollow noopener\" title=\"https:\/\/noticias.r7.com\/jr-24h\/conteudo-exclusivo\/fotos\/7-perguntas-e-respostas-sobre-a-vacina-da-gripe-27022025\/\">Influenza D<\/a>, at\u00e9 ent\u00e3o restrita a animais de cria\u00e7\u00e3o, passou por muta\u00e7\u00f5es que indicam potencial para se tornar um novo pat\u00f3geno humano, reacendendo o medo de uma <a href=\"https:\/\/record.r7.com\/domingo-espetacular\/planeta-em-perigo\/planeta-em-perigo-investiga-as-ameacas-invisiveis-que-podem-colocar-a-humanidade-em-risco-21032025\/\" target=\"_blank\" rel=\"noreferrer nofollow noopener\" title=\"https:\/\/record.r7.com\/domingo-espetacular\/planeta-em-perigo\/planeta-em-perigo-investiga-as-ameacas-invisiveis-que-podem-colocar-a-humanidade-em-risco-21032025\/\">nova pandemia global<\/a>.<\/p>\n<p class=\"jarvics:base-text-neutral-high-400 base-text-[calc(theme(fontSize.xs)_*_var(--font-size,_1))] base-font-normal base-font-primary base-text-neutral-low-500 base-text-left\">Pesquisadores do Instituto de Pesquisa Veterin\u00e1ria de Changchun, no nordeste da China, identificaram a cepa D\/HY11, surgida em 2023, como a mais preocupante. Em laborat\u00f3rio, ela demonstrou capacidade de se replicar em c\u00e9lulas das vias respirat\u00f3rias humanas e de se espalhar por via a\u00e9rea entre animais, o mesmo tipo de transmiss\u00e3o que caracteriza v\u00edrus pand\u00eamicos.<\/p>\n<p class=\"jarvics:base-text-neutral-high-400 base-text-[calc(theme(fontSize.xs)_*_var(--font-size,_1))] base-font-normal base-font-primary base-text-neutral-low-500 base-text-left\">Os cientistas infectaram fur\u00f5es, usados como modelo padr\u00e3o para estudar a propaga\u00e7\u00e3o de gripes em humanos, e observaram que o v\u00edrus se transmitiu pelo ar para animais saud\u00e1veis sem contato direto. O resultado foi considerado um marco na avalia\u00e7\u00e3o do risco de dissemina\u00e7\u00e3o entre pessoas.<\/p>\n<p class=\"jarvics:base-text-neutral-high-400 base-text-[calc(theme(fontSize.xs)_*_var(--font-size,_1))] base-font-normal base-font-primary base-text-neutral-low-500 base-text-left\">A equipe tamb\u00e9m analisou amostras de sangue coletadas entre 2020 e 2024 e descobriu que 74% da popula\u00e7\u00e3o do nordeste da China j\u00e1 havia sido exposta ao v\u00edrus. Entre aqueles com sintomas respirat\u00f3rios recentes, a taxa chegou a 97%. Isso sugere que o v\u00edrus vem circulando silenciosamente h\u00e1 anos, com poss\u00edveis infec\u00e7\u00f5es leves ou assintom\u00e1ticas n\u00e3o detectadas.<\/p>\n<p class=\"jarvics:base-text-neutral-high-400 base-text-[calc(theme(fontSize.xs)_*_var(--font-size,_1))] base-font-normal base-font-primary base-text-neutral-low-500 base-text-left\">Os testes mostraram que o D\/HY11 \u00e9 altamente eficiente em infectar c\u00e9lulas de humanos, porcos, vacas e c\u00e3es, multiplicando-se rapidamente em tecidos das fossas nasais, da traqueia e dos pulm\u00f5es. Essa ampla versatilidade em diferentes esp\u00e9cies aumenta o potencial de o v\u00edrus ultrapassar barreiras biol\u00f3gicas e se estabelecer entre humanos.<\/p>\n<p class=\"jarvics:base-text-neutral-high-400 base-text-[calc(theme(fontSize.xs)_*_var(--font-size,_1))] base-font-normal base-font-primary base-text-neutral-low-500 base-text-left\">Outro fator de preocupa\u00e7\u00e3o \u00e9 o comportamento gen\u00e9tico da cepa. A an\u00e1lise do complexo de polimerase, considerado o \u201cmotor\u201d de replica\u00e7\u00e3o do v\u00edrus, revelou uma atividade intensa, associada a maior efici\u00eancia de cont\u00e1gio entre mam\u00edferos. O D\/HY11 tamb\u00e9m demonstrou resist\u00eancia a antivirais tradicionais, como o Tamiflu, embora responda a medicamentos mais novos, como o baloxavir.<\/p>\n<p class=\"jarvics:base-text-neutral-high-400 base-text-[calc(theme(fontSize.xs)_*_var(--font-size,_1))] base-font-normal base-font-primary base-text-neutral-low-500 base-text-left\">Os pesquisadores alertam que, atualmente, nenhum pa\u00eds realiza testagem rotineira para a Influenza D, o que facilita sua propaga\u00e7\u00e3o \u201csilenciosa\u201d. A aus\u00eancia de um monitoramento sistem\u00e1tico significa que o v\u00edrus pode estar se espalhando sem ser detectado, especialmente em regi\u00f5es rurais e entre trabalhadores do setor pecu\u00e1rio.<\/p>\n<p class=\"jarvics:base-text-neutral-high-400 base-text-[calc(theme(fontSize.xs)_*_var(--font-size,_1))] base-font-normal base-font-primary base-text-neutral-low-500 base-text-left\">Segundo o estudo, publicado na revista Emerging Microbes &amp; Infections, o surto de Influenza D j\u00e1 se configura como um problema conjunto entre humanos e gado, com possibilidade de expans\u00e3o global caso o v\u00edrus adquira muta\u00e7\u00f5es que permitam a transmiss\u00e3o sustentada entre pessoas.<\/p>\n<p class=\"jarvics:base-text-neutral-high-400 base-text-[calc(theme(fontSize.xs)_*_var(--font-size,_1))] base-font-normal base-font-primary base-text-neutral-low-500 base-text-left\">A descoberta reacendeu debates sobre vigil\u00e2ncia sanit\u00e1ria internacional e preven\u00e7\u00e3o de novas pandemias. Desde a Covid-19, redes globais de pesquisa v\u00eam intensificando o rastreamento de v\u00edrus zoon\u00f3ticos, que s\u00e3o aqueles que passam de animais para humanos, por meio de sequenciamento gen\u00e9tico e an\u00e1lises de soro humano.<\/p>\n<p class=\"jarvics:base-text-neutral-high-400 base-text-[calc(theme(fontSize.xs)_*_var(--font-size,_1))] base-font-normal base-font-primary base-text-neutral-low-500 base-text-left\">Para especialistas, a identifica\u00e7\u00e3o precoce do D\/HY11 \u00e9 um alerta de que o mundo continua vulner\u00e1vel a novos surtos. Eles defendem que a vigil\u00e2ncia constante, a coopera\u00e7\u00e3o cient\u00edfica e o desenvolvimento de vacinas espec\u00edficas s\u00e3o as melhores defesas diante de um v\u00edrus que j\u00e1 cruzou a fronteira entre esp\u00e9cies e amea\u00e7a dar o pr\u00f3ximo passo rumo \u00e0 transmiss\u00e3o humana sustentada.<\/p>\n<p><video controls=\"\" class=\"video-js\" preload=\"metadata\" poster=\"https:\/\/d22yf0mxeu0gma.cloudfront.net\/10-17-2025\/t_16150ddfdedc4477a8a1e99b1aa0be9c_name_file_960x540_1600_v4_.jpg\" title=\"Casos de gripe e covid-19 preocupam em S&#xE3;o Paulo, Goi&#xE1;s e Bahia\" data-sprite-url=\"\" data-metadata=\"{&quot;title&quot;:&quot;Casos de gripe e covid-19 preocupam em S&#xE3;o Paulo, Goi&#xE1;s e Bahia&quot;,&quot;sectionName&quot;:&quot;R7&quot;,&quot;mainSection&quot;:&quot;Internacional&quot;,&quot;subSection&quot;:&quot;&quot;,&quot;views&quot;:&quot;&quot;,&quot;disableAdv&quot;:&quot;false&quot;,&quot;createdDate&quot;:&quot;2025-10-17T03:32:50Z&quot;,&quot;mainSectionUrl&quot;:&quot;https:\/\/noticias.r7.com\/jr-24h\/boletim-jr-24h\/video\/casos-de-gripe-e-covid-19-preocupam-em-sao-paulo-goias-e-bahia-17102025\/&quot;,&quot;sectionPath&quot;:&quot;https:\/\/noticias.r7.com\/jr-24h\/boletim-jr-24h&quot;,&quot;ageRating&quot;:&quot;&quot;,&quot;ageRatingDescription&quot;:&quot;&quot;,&quot;duration&quot;:79424,&quot;playerUrl&quot;:&quot;https:\/\/noticias.r7.com\/player\/b09091a0-5e45-494d-a81f-438e00ca26df\/&quot;}\" data-player-params=\"{&quot;p&quot;:&quot;true&quot;,&quot;autoPlay&quot;:&quot;false&quot;,&quot;logo&quot;:&quot;true&quot;,&quot;playlistId&quot;:&quot;false&quot;,&quot;calhau&quot;:&quot;false&quot;,&quot;share&quot;:&quot;true&quot;,&quot;sz&quot;:&quot;false&quot;,&quot;full&quot;:&quot;true&quot;,&quot;customAdHash&quot;:&quot;\/7542\/r7noticias\/internacional&quot;,&quot;referrerUrl&quot;:&quot;&quot;,&quot;externalLinks&quot;:&quot;true&quot;,&quot;debug&quot;:&quot;false&quot;,&quot;debugHash&quot;:&quot;false&quot;,&quot;debugRelated&quot;:&quot;false&quot;,&quot;timerRelated&quot;:&quot;true&quot;,&quot;logoRecord&quot;:&quot;false&quot;,&quot;contextModal&quot;:&quot;false&quot;,&quot;parentUrl&quot;:&quot;https:\/\/record.r7.com\/&quot;,&quot;t&quot;:&quot;0&quot;,&quot;noTitle&quot;:false,&quot;endBehavior&quot;:&quot;default&quot;}\" data-related-videos=\"[{&quot;title&quot;:&quot;Assista &#xE0; &#xED;ntegra da 4&#xAA; edi&#xE7;&#xE3;o do JR 24 Horas desta sexta (17)&quot;,&quot;thumb&quot;:&quot;https:\/\/d22yf0mxeu0gma.cloudfront.net\/10-18-2025\/t_c628e97fa3a84a5d8d955d952a39837e_name_vlcsnap_2025_10_18_01h12m07s397.jpg&quot;,&quot;url&quot;:&quot;https:\/\/noticias.r7.com\/jr-24h\/boletim-jr-24h\/video\/assista-a-integra-da-4-edicao-do-jr-24-horas-desta-sexta-17-18102025\/&quot;,&quot;embedUrl&quot;:&quot;https:\/\/noticias.r7.com\/player\/e62f4221-5165-4e49-8e59-3b99fce600fb\/&quot;},{&quot;title&quot;:&quot;Defesa Civil emite alerta para possibilidade de tempestades em S&#xE3;o Paulo at&#xE9; domingo (19)&quot;,&quot;thumb&quot;:&quot;https:\/\/d22yf0mxeu0gma.cloudfront.net\/10-18-2025\/t_8e3a9f1cacbe46a88ea271b8480f2797_name_file_960x540_1600_v4_.jpg&quot;,&quot;url&quot;:&quot;https:\/\/noticias.r7.com\/jr-24h\/boletim-jr-24h\/video\/defesa-civil-emite-alerta-para-possibilidade-de-tempestades-em-sao-paulo-ate-domingo-19-18102025\/&quot;,&quot;embedUrl&quot;:&quot;https:\/\/noticias.r7.com\/player\/6d0643aa-25ac-4c12-8324-c65e33e3a6ad\/&quot;},{&quot;title&quot;:&quot;Barroso quer retomar julgamento sobre descriminaliza&#xE7;&#xE3;o do aborto at&#xE9; a 12&#xAA; semana de gesta&#xE7;&#xE3;o&quot;,&quot;thumb&quot;:&quot;https:\/\/d22yf0mxeu0gma.cloudfront.net\/10-18-2025\/t_a29dc541868b46808e8e53eeae401bb3_name_file_960x540_1600_v4_.jpg&quot;,&quot;url&quot;:&quot;https:\/\/noticias.r7.com\/jr-24h\/boletim-jr-24h\/video\/barroso-quer-retomar-julgamento-sobre-descriminalizacao-do-aborto-ate-a-12-semana-de-gestacao-18102025\/&quot;,&quot;embedUrl&quot;:&quot;https:\/\/noticias.r7.com\/player\/75bbe580-0604-49ae-8b9c-e5fce99c2f9f\/&quot;}]\" data-player-url=\"https:\/\/noticias.r7.com\/player\/b09091a0-5e45-494d-a81f-438e00ca26df\/\" data-arc-video=\"\" data-arc-id=\"b09091a0-5e45-494d-a81f-438e00ca26df\" data-short=\"false\" style=\"visibility:hidden\"><\/video><\/p>\n<p class=\"jarvics:base-text-neutral-high-400 base-text-[calc(theme(fontSize.xs)_*_var(--font-size,_1))] base-font-normal base-font-primary base-text-neutral-low-500 base-text-left\"><b>Fique por dentro das principais not\u00edcias do dia no Brasil e no mundo. <\/b><a href=\"https:\/\/whatsapp.com\/channel\/0029Va6eEELGZNCyryabmO1m\" rel=\"nofollow noopener\" target=\"_blank\"><b>Siga o canal do R7<\/b><\/a><b>, o portal de not\u00edcias da Record, no WhatsApp<\/b><\/p>\n","protected":false},"excerpt":{"rendered":"LEIA AQUI O RESUMO DA NOT\u00cdCIA Cientistas chineses alertam sobre uma nova variante de gripe, a Influenza D,&hellip;\n","protected":false},"author":2,"featured_media":116882,"comment_status":"","ping_status":"","sticky":false,"template":"","format":"standard","meta":{"footnotes":""},"categories":[86],"tags":[1353,358,1418,116,27392,32,33,117],"class_list":{"0":"post-116881","1":"post","2":"type-post","3":"status-publish","4":"format-standard","5":"has-post-thumbnail","7":"category-saude","8":"tag-animais","9":"tag-china","10":"tag-gripe","11":"tag-health","12":"tag-laboratorio","13":"tag-portugal","14":"tag-pt","15":"tag-saude"},"share_on_mastodon":{"url":"","error":""},"_links":{"self":[{"href":"https:\/\/www.europesays.com\/pt\/wp-json\/wp\/v2\/posts\/116881","targetHints":{"allow":["GET"]}}],"collection":[{"href":"https:\/\/www.europesays.com\/pt\/wp-json\/wp\/v2\/posts"}],"about":[{"href":"https:\/\/www.europesays.com\/pt\/wp-json\/wp\/v2\/types\/post"}],"author":[{"embeddable":true,"href":"https:\/\/www.europesays.com\/pt\/wp-json\/wp\/v2\/users\/2"}],"replies":[{"embeddable":true,"href":"https:\/\/www.europesays.com\/pt\/wp-json\/wp\/v2\/comments?post=116881"}],"version-history":[{"count":0,"href":"https:\/\/www.europesays.com\/pt\/wp-json\/wp\/v2\/posts\/116881\/revisions"}],"wp:featuredmedia":[{"embeddable":true,"href":"https:\/\/www.europesays.com\/pt\/wp-json\/wp\/v2\/media\/116882"}],"wp:attachment":[{"href":"https:\/\/www.europesays.com\/pt\/wp-json\/wp\/v2\/media?parent=116881"}],"wp:term":[{"taxonomy":"category","embeddable":true,"href":"https:\/\/www.europesays.com\/pt\/wp-json\/wp\/v2\/categories?post=116881"},{"taxonomy":"post_tag","embeddable":true,"href":"https:\/\/www.europesays.com\/pt\/wp-json\/wp\/v2\/tags?post=116881"}],"curies":[{"name":"wp","href":"https:\/\/api.w.org\/{rel}","templated":true}]}}