{"id":116887,"date":"2025-10-19T05:59:15","date_gmt":"2025-10-19T05:59:15","guid":{"rendered":"https:\/\/www.europesays.com\/pt\/116887\/"},"modified":"2025-10-19T05:59:15","modified_gmt":"2025-10-19T05:59:15","slug":"ultimas-noticias-de-araxa-mg-e-regiao","status":"publish","type":"post","link":"https:\/\/www.europesays.com\/pt\/116887\/","title":{"rendered":"\u00daltimas not\u00edcias de Arax\u00e1\/MG e regi\u00e3o."},"content":{"rendered":"<p>\n\t\t\t\t\t\t\t\tPostado em: 18\/10\/2025 &#8211; 14:58<br \/>\n\t\t\t\t<strong>\u00daltima atualiza\u00e7\u00e3o: 18\/10\/2025 &#8211; 15:01<\/strong>\n\t\t\t<\/p>\n<p>\t\t\t\tPor: Alex Sander Xex\u00e9u &#8211; Portal Imbiara<\/p>\n<p>\t\t\t\t\t\t\tEscritora araxaense Day MC lan\u00e7a o livro \u201cFilha de Dandara\u201d e destaca a for\u00e7a da cultura negra em Arax\u00e1<\/p>\n<p class=\"resumo\">Obra traz poesias sobre ancestralidade, resist\u00eancia e representatividade feminina<\/p>\n<p>\t\t\t\t\t<img decoding=\"async\" src=\"https:\/\/www.europesays.com\/pt\/wp-content\/uploads\/2025\/10\/1000072180_1000x667.jpg\" alt=\"\" class=\"imagemPrincipal\"\/><br \/>\n\t\t\t\t\tCom poesias que falam sobre ancestralidade e resist\u00eancia, Filha de Dandara celebra a for\u00e7a da mulher negra. Foto: Alex Xex\u00e9u<\/p>\n<p>O Centro de Refer\u00eancia \u00e0 Cultura Negra de Arax\u00e1 recebeu neste s\u00e1bado, 18 de outubro, o lan\u00e7amento do livro Filha de Dandara, primeiro trabalho liter\u00e1rio da escritora e artista araxaense <strong>Day MC<\/strong>. A autora, conhecida por sua atua\u00e7\u00e3o como poeta, MC, organizadora de batalhas de rima e de slam de poesia, apresenta em sua obra um retrato da <strong>ancestralidade e das lutas sociais do povo negro<\/strong>.<\/p>\n<p>Em entrevista ao Imbiara Not\u00edcias, Day contou que o processo de cria\u00e7\u00e3o do livro aconteceu de forma natural, acompanhando o seu pr\u00f3prio cotidiano.<\/p>\n<p>\u201cFoi um processo r\u00e1pido, porque o livro nasceu das experi\u00eancias que eu j\u00e1 vinha vivendo. As poesias estavam prontas, s\u00f3 precisei reuni-las. \u00c9 uma obra sobre ancestralidade, pautas sociais e identifica\u00e7\u00e3o. Fiz esse livro para que pessoas como eu se reconhe\u00e7am nele\u201d, destacou.<\/p>\n<p><img decoding=\"async\" alt=\"\" src=\"https:\/\/www.europesays.com\/pt\/wp-content\/uploads\/2025\/10\/1000072182.jpg\"\/><\/p>\n<p><strong>Com o lan\u00e7amento, Day MC refor\u00e7a seu papel como voz ativa na poesia, no rap e na valoriza\u00e7\u00e3o da cultura negra em Arax\u00e1. Foto: Alex Xex\u00e9u\u00a0<\/strong><\/p>\n<p>O projeto foi viabilizado por meio da <strong>Pol\u00edtica Nacional Aldir Blanc<\/strong>, que possibilitou o financiamento para a publica\u00e7\u00e3o. A autora comemora o fato de poder <strong>distribuir os exemplares gratuitamente<\/strong>, ampliando o acesso \u00e0 leitura e \u00e0 cultura.<\/p>\n<p>O t\u00edtulo Filha de Dandara \u00e9 uma homenagem a <strong>Dandara dos Palmares<\/strong>, figura hist\u00f3rica s\u00edmbolo da resist\u00eancia feminina e negra no Brasil.<\/p>\n<p><img decoding=\"async\" alt=\"\" src=\"https:\/\/www.europesays.com\/pt\/wp-content\/uploads\/2025\/10\/1000072192.jpg\"\/><\/p>\n<p><strong>Amigos, familiares e representantes do movimento da cultura negra prestigiaram o lan\u00e7amento do livro Filha de Dandara. Foto: Alex Xex\u00e9u<\/strong><\/p>\n<p>\u201cEscolhi esse nome porque acredito na import\u00e2ncia da representatividade feminina. Sempre lembramos dos grandes homens da nossa hist\u00f3ria, mas sem as mulheres que estiveram ao lado deles, talvez eles n\u00e3o fossem t\u00e3o grandes. Dandara foi uma mulher guerreira, que n\u00e3o se rendeu ao cativeiro. Ela me inspira como ancestral, como mulher negra e resistente\u201d, explicou Day.<\/p>\n<p>Al\u00e9m do lan\u00e7amento presencial, o livro tamb\u00e9m pode ser solicitado diretamente com a autora pelo <strong>Instagram <a data-end=\"1946\" data-start=\"1899\" href=\"https:\/\/www.instagram.com\/daymc034\/?hl=da\" rel=\"noopener nofollow\" target=\"_new\">@daimc034<\/a><\/strong>, que pretende levar suas palavras a leitores de outras regi\u00f5es do pa\u00eds.<\/p>\n<p>\t\t<script async src=\"\/\/www.instagram.com\/embed.js\"><\/script><\/p>\n","protected":false},"excerpt":{"rendered":"Postado em: 18\/10\/2025 &#8211; 14:58 \u00daltima atualiza\u00e7\u00e3o: 18\/10\/2025 &#8211; 15:01 Por: Alex Sander Xex\u00e9u &#8211; Portal Imbiara Escritora&hellip;\n","protected":false},"author":2,"featured_media":116888,"comment_status":"","ping_status":"","sticky":false,"template":"","format":"standard","meta":{"footnotes":""},"categories":[143],"tags":[27393,27394,169,114,115,2089,170,13,27395,52,32,33,1297],"class_list":{"0":"post-116887","1":"post","2":"type-post","3":"status-publish","4":"format-standard","5":"has-post-thumbnail","7":"category-livros","8":"tag-900-am-imbiara","9":"tag-araxa","10":"tag-books","11":"tag-entertainment","12":"tag-entretenimento","13":"tag-esporte","14":"tag-livros","15":"tag-noticias","16":"tag-ocorrencias-policiais","17":"tag-politica","18":"tag-portugal","19":"tag-pt","20":"tag-servicos"},"share_on_mastodon":{"url":"","error":""},"_links":{"self":[{"href":"https:\/\/www.europesays.com\/pt\/wp-json\/wp\/v2\/posts\/116887","targetHints":{"allow":["GET"]}}],"collection":[{"href":"https:\/\/www.europesays.com\/pt\/wp-json\/wp\/v2\/posts"}],"about":[{"href":"https:\/\/www.europesays.com\/pt\/wp-json\/wp\/v2\/types\/post"}],"author":[{"embeddable":true,"href":"https:\/\/www.europesays.com\/pt\/wp-json\/wp\/v2\/users\/2"}],"replies":[{"embeddable":true,"href":"https:\/\/www.europesays.com\/pt\/wp-json\/wp\/v2\/comments?post=116887"}],"version-history":[{"count":0,"href":"https:\/\/www.europesays.com\/pt\/wp-json\/wp\/v2\/posts\/116887\/revisions"}],"wp:featuredmedia":[{"embeddable":true,"href":"https:\/\/www.europesays.com\/pt\/wp-json\/wp\/v2\/media\/116888"}],"wp:attachment":[{"href":"https:\/\/www.europesays.com\/pt\/wp-json\/wp\/v2\/media?parent=116887"}],"wp:term":[{"taxonomy":"category","embeddable":true,"href":"https:\/\/www.europesays.com\/pt\/wp-json\/wp\/v2\/categories?post=116887"},{"taxonomy":"post_tag","embeddable":true,"href":"https:\/\/www.europesays.com\/pt\/wp-json\/wp\/v2\/tags?post=116887"}],"curies":[{"name":"wp","href":"https:\/\/api.w.org\/{rel}","templated":true}]}}