{"id":116902,"date":"2025-10-19T06:25:30","date_gmt":"2025-10-19T06:25:30","guid":{"rendered":"https:\/\/www.europesays.com\/pt\/116902\/"},"modified":"2025-10-19T06:25:30","modified_gmt":"2025-10-19T06:25:30","slug":"quer-ser-dono-do-passe-de-um-jogador-vitoria-de-setubal-lanca-campanha-inedita","status":"publish","type":"post","link":"https:\/\/www.europesays.com\/pt\/116902\/","title":{"rendered":"Quer ser dono do passe de um jogador? Vit\u00f3ria de Set\u00fabal lan\u00e7a campanha in\u00e9dita"},"content":{"rendered":"<p>Cada clube tem as suas estrat\u00e9gias para convencer os adeptos a tornarem-se s\u00f3cios, mas a mais recente jogada do <a class=\"autolink-enabled\" data-resource-id=\"456\" data-resource-type=\"team\" data-sport=\"football\" href=\"https:\/\/www.abola.pt\/futebol\/vitoria-de-setubal-456\" rel=\"nofollow noopener\" target=\"_blank\">Vit\u00f3ria de Set\u00fabal<\/a> promete dar que falar pela originalidade.<\/p>\n<p style=\"text-align: justify\">\u00abQueres ser dono do passe do Catarino? Faz-te s\u00f3cio\u00bb: \u00e9 o desafio lan\u00e7ado pelo clube, no site oficial, para angariar associados. Leu bem. \u00abQuem for s\u00f3cio do Vit\u00f3ria Futebol Clube, at\u00e9 2 de janeiro de 2026, passar\u00e1 a ser detentor de parte do passe do jogador Pedro Catarino\u00bb, indica o primeiro ponto do regulamento.<\/p>\n<p style=\"text-align: justify\">No v\u00eddeo promocional, o exemplo dado \u00e9 o do filho do ponta de lan\u00e7a que soma cinco golos em seis jogos esta temporada. \u00abNo caso desta crian\u00e7a \u00e9 curioso j\u00e1 que ele \u00e9 filho do Catarino&#8230; Um filho que \u00e9 dono do passe do pai. Esta \u00e9 nova. \u00c9 assim mesmo, puto.\u00bb<\/p>\n<p style=\"text-align: justify\">No regulamento, o Vit\u00f3ria explica as vantagens de ser detentor do passe da estrela do clube: \u00abNa eventualidade de uma futura venda do jogador, os s\u00f3cios com as quotas em dia ter\u00e3o direito a parte do valor realizado &#8211; i.e., o valor total da venda ser\u00e1 dividido em fun\u00e7\u00e3o do n\u00famero de s\u00f3cios inscritos at\u00e9 2 de janeiro de 2026\u00bb, sendo o valor \u00abcreditado no saldo de cada s\u00f3cio, podendo ser convertido em desconto nas futuras quotas e\/ou desconto no merchandising da Loja do Vit\u00f3ria.\u00bb<\/p>\n<p>At\u00e9 ao momento, s\u00e3o j\u00e1 9.334 os donos do passe do avan\u00e7ado.<\/p>\n","protected":false},"excerpt":{"rendered":"Cada clube tem as suas estrat\u00e9gias para convencer os adeptos a tornarem-se s\u00f3cios, mas a mais recente jogada&hellip;\n","protected":false},"author":2,"featured_media":116903,"comment_status":"","ping_status":"","sticky":false,"template":"","format":"standard","meta":{"footnotes":""},"categories":[8],"tags":[27,28,15,16,14,25,26,21,22,12,13,19,20,32,23,24,33,17,18,29,30,31],"class_list":{"0":"post-116902","1":"post","2":"type-post","3":"status-publish","4":"format-standard","5":"has-post-thumbnail","7":"category-principais-noticias","8":"tag-breaking-news","9":"tag-breakingnews","10":"tag-featured-news","11":"tag-featurednews","12":"tag-headlines","13":"tag-latest-news","14":"tag-latestnews","15":"tag-main-news","16":"tag-mainnews","17":"tag-news","18":"tag-noticias","19":"tag-noticias-principais","20":"tag-noticiasprincipais","21":"tag-portugal","22":"tag-principais-noticias","23":"tag-principaisnoticias","24":"tag-pt","25":"tag-top-stories","26":"tag-topstories","27":"tag-ultimas","28":"tag-ultimas-noticias","29":"tag-ultimasnoticias"},"share_on_mastodon":{"url":"","error":""},"_links":{"self":[{"href":"https:\/\/www.europesays.com\/pt\/wp-json\/wp\/v2\/posts\/116902","targetHints":{"allow":["GET"]}}],"collection":[{"href":"https:\/\/www.europesays.com\/pt\/wp-json\/wp\/v2\/posts"}],"about":[{"href":"https:\/\/www.europesays.com\/pt\/wp-json\/wp\/v2\/types\/post"}],"author":[{"embeddable":true,"href":"https:\/\/www.europesays.com\/pt\/wp-json\/wp\/v2\/users\/2"}],"replies":[{"embeddable":true,"href":"https:\/\/www.europesays.com\/pt\/wp-json\/wp\/v2\/comments?post=116902"}],"version-history":[{"count":0,"href":"https:\/\/www.europesays.com\/pt\/wp-json\/wp\/v2\/posts\/116902\/revisions"}],"wp:featuredmedia":[{"embeddable":true,"href":"https:\/\/www.europesays.com\/pt\/wp-json\/wp\/v2\/media\/116903"}],"wp:attachment":[{"href":"https:\/\/www.europesays.com\/pt\/wp-json\/wp\/v2\/media?parent=116902"}],"wp:term":[{"taxonomy":"category","embeddable":true,"href":"https:\/\/www.europesays.com\/pt\/wp-json\/wp\/v2\/categories?post=116902"},{"taxonomy":"post_tag","embeddable":true,"href":"https:\/\/www.europesays.com\/pt\/wp-json\/wp\/v2\/tags?post=116902"}],"curies":[{"name":"wp","href":"https:\/\/api.w.org\/{rel}","templated":true}]}}