{"id":116906,"date":"2025-10-19T06:28:23","date_gmt":"2025-10-19T06:28:23","guid":{"rendered":"https:\/\/www.europesays.com\/pt\/116906\/"},"modified":"2025-10-19T06:28:23","modified_gmt":"2025-10-19T06:28:23","slug":"apresentacao-do-livro-terras-de-paredes-na-idade-media-acontece-este-sabado-em-cete","status":"publish","type":"post","link":"https:\/\/www.europesays.com\/pt\/116906\/","title":{"rendered":"Apresenta\u00e7\u00e3o do livro \u201cTerras de Paredes na Idade M\u00e9dia\u201d acontece este s\u00e1bado em Cete"},"content":{"rendered":"\n<p data-start=\"93\" data-end=\"424\">A sess\u00e3o ter\u00e1 lugar pelas 21h na Biblioteca Espa\u00e7o C, no edif\u00edcio do Centro Social de Cete, em Paredes, e a entrada \u00e9 livre. O livro estar\u00e1 dispon\u00edvel por 15 euros.<\/p>\n<p data-start=\"426\" data-end=\"896\">A obra procura responder a quest\u00f5es sobre a organiza\u00e7\u00e3o territorial e social do territ\u00f3rio que hoje corresponde ao concelho de Paredes no s\u00e9culo XIII, abordando temas como o n\u00famero de freguesias, a popula\u00e7\u00e3o, os modos de vida, a propriedade da terra, a alimenta\u00e7\u00e3o, a cria\u00e7\u00e3o de animais, a religi\u00e3o e a topon\u00edmia. Baseia-se na tradu\u00e7\u00e3o integral dos inqu\u00e9ritos r\u00e9gios medievais de 1258, interpretando e organizando os dados para oferecer uma an\u00e1lise detalhada da \u00e9poca.<\/p>\n<p data-start=\"898\" data-end=\"1385\">Ivo Rafael Silva, natural de Recarei, Paredes, \u00e9 investigador do Centro de Estudos Interculturais do ISCAP\/P.Porto e membro colaborador do IELT (Instituto de Estudos de Literatura e Tradi\u00e7\u00e3o \u2013 FCSH\/Nova). \u00c9 autor e coordenador de v\u00e1rias monografias locais, incluindo Villa Recaredi (2008), Paredenses na Grande Guerra: 1914-1918 (2017), Paredes e a Primeira Rep\u00fablica (2020) e Cr\u00f3nicas Paredenses: Subs\u00eddios para a Hist\u00f3ria do Concelho de Paredes (volumes I e II, 2023 e 2024).<\/p>\n<p data-start=\"1387\" data-end=\"1649\" data-is-last-node=\"\" data-is-only-node=\"\">O livro \u00e9 apontado como uma fonte relevante para historiadores, arque\u00f3logos, soci\u00f3logos e antrop\u00f3logos interessados na hist\u00f3ria medieval portuguesa, oferecendo uma vis\u00e3o detalhada da vida e organiza\u00e7\u00e3o do territ\u00f3rio de Paredes durante o reinado de D. Afonso III.<\/p>\n","protected":false},"excerpt":{"rendered":"A sess\u00e3o ter\u00e1 lugar pelas 21h na Biblioteca Espa\u00e7o C, no edif\u00edcio do Centro Social de Cete, em&hellip;\n","protected":false},"author":2,"featured_media":116907,"comment_status":"","ping_status":"","sticky":false,"template":"","format":"standard","meta":{"footnotes":""},"categories":[143],"tags":[169,114,115,170,32,33],"class_list":{"0":"post-116906","1":"post","2":"type-post","3":"status-publish","4":"format-standard","5":"has-post-thumbnail","7":"category-livros","8":"tag-books","9":"tag-entertainment","10":"tag-entretenimento","11":"tag-livros","12":"tag-portugal","13":"tag-pt"},"share_on_mastodon":{"url":"","error":""},"_links":{"self":[{"href":"https:\/\/www.europesays.com\/pt\/wp-json\/wp\/v2\/posts\/116906","targetHints":{"allow":["GET"]}}],"collection":[{"href":"https:\/\/www.europesays.com\/pt\/wp-json\/wp\/v2\/posts"}],"about":[{"href":"https:\/\/www.europesays.com\/pt\/wp-json\/wp\/v2\/types\/post"}],"author":[{"embeddable":true,"href":"https:\/\/www.europesays.com\/pt\/wp-json\/wp\/v2\/users\/2"}],"replies":[{"embeddable":true,"href":"https:\/\/www.europesays.com\/pt\/wp-json\/wp\/v2\/comments?post=116906"}],"version-history":[{"count":0,"href":"https:\/\/www.europesays.com\/pt\/wp-json\/wp\/v2\/posts\/116906\/revisions"}],"wp:featuredmedia":[{"embeddable":true,"href":"https:\/\/www.europesays.com\/pt\/wp-json\/wp\/v2\/media\/116907"}],"wp:attachment":[{"href":"https:\/\/www.europesays.com\/pt\/wp-json\/wp\/v2\/media?parent=116906"}],"wp:term":[{"taxonomy":"category","embeddable":true,"href":"https:\/\/www.europesays.com\/pt\/wp-json\/wp\/v2\/categories?post=116906"},{"taxonomy":"post_tag","embeddable":true,"href":"https:\/\/www.europesays.com\/pt\/wp-json\/wp\/v2\/tags?post=116906"}],"curies":[{"name":"wp","href":"https:\/\/api.w.org\/{rel}","templated":true}]}}