{"id":116912,"date":"2025-10-19T06:40:31","date_gmt":"2025-10-19T06:40:31","guid":{"rendered":"https:\/\/www.europesays.com\/pt\/116912\/"},"modified":"2025-10-19T06:40:31","modified_gmt":"2025-10-19T06:40:31","slug":"saiba-ate-quando-e-as-regioes-mais-expostas","status":"publish","type":"post","link":"https:\/\/www.europesays.com\/pt\/116912\/","title":{"rendered":"saiba at\u00e9 quando e as regi\u00f5es mais expostas"},"content":{"rendered":"<p> <img decoding=\"async\" fetchpriority=\"high\" src=\"https:\/\/www.europesays.com\/pt\/wp-content\/uploads\/2025\/10\/dailymotion-x9sbcrm_1024.jpg\"  width=\"768\" height=\"432\" id=\"x9sbcrm\"\/>  <\/p>\n<p>Este s\u00e1bado, 18 de outubro, marca o in\u00edcio de uma mudan\u00e7a gradual: o anticiclone enfraqueceu, permitindo a aproxima\u00e7\u00e3o de frentes atl\u00e2nticas e o fortalecimento do jato polar impulsionar\u00e1 novas instabilidades e probabilidade de chuva.<\/p>\n<p>    <img decoding=\"async\" fetchpriority=\"high\" src=\"https:\/\/www.europesays.com\/pt\/wp-content\/uploads\/2025\/10\/marta-godinho.jpg\" alt=\"Marta Godinho\" width=\"40\" height=\"40\"\/>    <a class=\"nombre text-hv\" href=\"https:\/\/www.tempo.pt\/autor\/marta-godinho\/\" title=\"Marta Godinho\" rel=\"nofollow noopener\" target=\"_blank\">Marta Godinho<\/a>      18\/10\/2025 14:59   4 min   <\/p>\n<p><strong>Este fim de semana espera-se o retorno da chuva<\/strong>, e ao longo da pr\u00f3xima semana poder\u00e3o surgir sucessivas instabilidades que trar\u00e3o per\u00edodos chuvosos e uma atmosfera mais t\u00edpica de outono. <\/p>\n<p> Seja o primeiro a receber as previs\u00f5es gra\u00e7as ao <a href=\"https:\/\/www.whatsapp.com\/channel\/0029VaxX6njIyPtRY4lOMd1b\" target=\"_blank\" rel=\"nofollow noopener\"><strong>nosso canal do WhatsApp<\/strong><\/a>. Siga-nos e ative as notifica\u00e7\u00f5es. <\/p>\n<p>Este s\u00e1bado, 18 de outubro, amanheceu com c\u00e9u pouco nublado, mas com algumas nuvens baixas no litoral. As temperaturas para esta tarde ir\u00e3o manter-se num registo <strong>ameno e relativamente est\u00e1vel<\/strong>. No <strong>litoral Norte e Centro<\/strong>, as m\u00e1ximas dever\u00e3o situar-se entre <strong>20 \u00b0C e 24 \u00b0C<\/strong>, enquanto no <strong>interior destas regi\u00f5es<\/strong> podem atingir os <strong>25 \u00b0C<\/strong>.<\/p>\n<p>A <strong>Grande Lisboa e Vale do Tejo<\/strong> dever\u00e1 registar valores entre <strong>25 \u00b0C e 28 \u00b0C<\/strong>, com sensa\u00e7\u00e3o t\u00e9rmica agrad\u00e1vel durante a tarde. Mais a sul, o <strong>Alentejo<\/strong> poder\u00e1 alcan\u00e7ar os <strong>28 \u00b0C no distrito de Beja<\/strong>, e o <strong>Algarve<\/strong> ir\u00e1 manter temperaturas ligeiramente mais contidas, entre <strong>22 \u00b0C e 24 \u00b0C<\/strong>, beneficiando da influ\u00eancia mar\u00edtima. <\/p>\n<p><strong>Os primeiros sinais vis\u00edveis da mudan\u00e7a que se aproxima come\u00e7am no domingo (19)<\/strong>. A manh\u00e3 dever\u00e1 come\u00e7ar com <strong>c\u00e9u nublado e com previs\u00e3o para<\/strong> um <strong>aumento gradual da nebulosidade na maior parte de Portugal continental<\/strong>. <\/p>\n<p><img loading=\"lazy\" decoding=\"async\" fetchpriority=\"low\" class=\"lazy \" src=\"https:\/\/www.europesays.com\/pt\/wp-content\/uploads\/2025\/10\/tempo-para-o-fim-de-semana-depois-de-dias-de-sol-e-calma-a-chuva-prepara-se-para-invadir-portugal-sa.png\"  width=\"768\" height=\"432\" alt=\"Mapa atmosf\u00e9rico: Nuvens\" title=\"Mapa atmosf\u00e9rico: Nuvens\" data-image=\"nn62p96al3sn\"\/> A cobertura de nuvens na madrugada de domingo ir\u00e1 ocupar o territ\u00f3rio continental por completo, sendo um dos primeiros sinais da instabilidade que est\u00e1 para vir.<\/p>\n<p> A partir das <strong>10:00 de domingo<\/strong>, a frente atl\u00e2ntica dever\u00e1 come\u00e7ar a <strong>atingir o Minho e o Alto Minho<\/strong>, com <strong>as primeiras acumula\u00e7\u00f5es significativas de chuva previstas para o distrito de Braga<\/strong>, onde os modelos apontam para <strong>valores m\u00e1ximos de 1.3 mm em Viana do Castelo<\/strong>.<\/p>\n<p> \u00c0 medida que a frente avan\u00e7a para sul e leste, a precipita\u00e7\u00e3o intensifica-se e atinge o seu pico entre as 15:00 e as 19:00, abrangendo todo o litoral Norte e Centro, com acumulados hor\u00e1rios que poder\u00e3o superar os 5.5 mm em Braga. <\/p>\n<p> <strong>Lisboa dever\u00e1 registar chuva fraca durante a noite<\/strong>, com <strong>valores mais contidos (0.3 a 0.7 mm)<\/strong> e car\u00e1ter mais intermitente. <\/p>\n<p><img loading=\"lazy\" decoding=\"async\" fetchpriority=\"low\" class=\"lazy \" src=\"https:\/\/www.europesays.com\/pt\/wp-content\/uploads\/2025\/10\/1760856029_374_tempo-para-o-fim-de-semana-depois-de-dias-de-sol-e-calma-a-chuva-prepara-se-para-invadir-portugal-sa.png\"  width=\"768\" height=\"432\" alt=\"Mapa atmosf\u00e9rico: Chuva\" title=\"Mapa atmosf\u00e9rico: Chuva\" data-image=\"8k54j80dkthu\"\/>A frente atl\u00e2ntica dever\u00e1 come\u00e7ar a atingir Portugal Continental no domingo, a regi\u00e3o do Norte ser\u00e1 a mais afetada.<\/p>\n<p> Algumas regi\u00f5es do <strong>alto Alentejo tamb\u00e9m ser\u00e3o afetadas durante a noite<\/strong>, por\u00e9m a previs\u00e3o de chuva \u00e9 apenas residual. No Algarve n\u00e3o ha previs\u00e3o de chuva para domingo.<\/p>\n<p>Domingo abre a porta \u00e0 chuva, ser\u00e1 que veio para ficar?<\/p>\n<p>Ap\u00f3s este per\u00edodo de maior atividade, <strong>a instabilidade perde intensidade durante a madrugada de segunda-feira (20)<\/strong>, com a precipita\u00e7\u00e3o a tornar-se <strong>progressivamente mais fraca e dispersa<\/strong>, mantendo-se apenas <strong>aguaceiros residuais. <\/strong><\/p>\n<p> Contudo, segunda-feira, a partir das 23:00, a chuva volta a marcar presen\u00e7a, e, <strong>durante a madrugada de ter\u00e7a-feira, h\u00e1 previs\u00e3o de precipita\u00e7\u00e3o j\u00e1 moderada para v\u00e1rios distritos<\/strong>. <\/p>\n<p> <img loading=\"lazy\" decoding=\"async\" fetchpriority=\"low\" class=\"lazy \" src=\"https:\/\/www.europesays.com\/pt\/wp-content\/uploads\/2025\/10\/1760856030_279_tempo-para-o-fim-de-semana-depois-de-dias-de-sol-e-calma-a-chuva-prepara-se-para-invadir-portugal-sa.png\"  width=\"768\" height=\"432\" alt=\"Mapa atmosf\u00e9rico: Chuva\" title=\"Mapa atmosf\u00e9rico: Chuva\" data-image=\"1vi5oz3dpmz4\"\/> Embora a frente fria &#8220;embata&#8221; no continente no domingo, \u00e9 ter\u00e7a-feira que a precipita\u00e7\u00e3o ser\u00e1 mais intensa. <\/p>\n<p> <strong>Os locais mais afetados<\/strong> ser\u00e3o predominantemente os <strong>distritos de Braga, Viana do Castelo, Porto e Aveiro<\/strong>, onde poder\u00e1 haver <strong>acumula\u00e7\u00f5es de chuva superiores aos 12 mm. <\/strong><\/p>\n<p><a class=\"imagen \" href=\"https:\/\/www.tempo.pt\/noticias\/previsao\/preve-se-chuva-para-estes-14-distritos-este-domingo-19-de-outubro-sera-particularmente-forte-no-minho.html\" title=\"Prev\u00ea-se chuva para estes 14 distritos este domingo, 19 de outubro: ser\u00e1 particularmente forte no Minho\" rel=\"nofollow noopener\" target=\"_blank\"><img loading=\"lazy\" decoding=\"async\" fetchpriority=\"low\" class=\"lazy img-body non-editable\" src=\"https:\/\/www.europesays.com\/pt\/wp-content\/uploads\/2025\/10\/preve-se-chuva-para-estes-14-distritos-este-domingo-19-de-outubro-sera-particularmente-forte-no-minh.png\"  width=\"320\" height=\"225\" alt=\"Prev\u00ea-se chuva para estes 14 distritos este domingo, 19 de outubro: ser\u00e1 particularmente forte no Minho\"\/><\/a><\/p>\n<p><strong>Q<\/strong><strong>uarta e quinta-feira<\/strong>, os modelos continuam a prever dias<strong> nebulosos e possibilidade de chuva na maioria do pa\u00eds<\/strong>, sinal de um cen\u00e1rio mais outonal.<br \/>Os valores de temperatura ainda se manter\u00e3o relativamente amenos no decorrer da pr\u00f3xima semana, apesar da mudan\u00e7a de padr\u00e3o atmosf\u00e9rico. No entanto, <strong>as noites e madrugadas come\u00e7ar\u00e3o a acusar mais frescura do que nos \u00faltimos dias, <\/strong>nada de assustador, mas <strong>j\u00e1 ser\u00e1 prudente levar um casaco e guarda-chuva quando sai de casa.<\/strong><\/p>\n","protected":false},"excerpt":{"rendered":"Este s\u00e1bado, 18 de outubro, marca o in\u00edcio de uma mudan\u00e7a gradual: o anticiclone enfraqueceu, permitindo a aproxima\u00e7\u00e3o&hellip;\n","protected":false},"author":2,"featured_media":116913,"comment_status":"","ping_status":"","sticky":false,"template":"","format":"standard","meta":{"footnotes":""},"categories":[8],"tags":[27,28,2139,27397,15,16,2140,14,25,26,21,22,606,12056,12,13,19,20,32,1429,23,24,33,7069,12325,4116,17,18,29,30,31],"class_list":{"0":"post-116912","1":"post","2":"type-post","3":"status-publish","4":"format-standard","5":"has-post-thumbnail","7":"category-principais-noticias","8":"tag-breaking-news","9":"tag-breakingnews","10":"tag-chuva","11":"tag-depressao-atlantica","12":"tag-featured-news","13":"tag-featurednews","14":"tag-frente-fria","15":"tag-headlines","16":"tag-latest-news","17":"tag-latestnews","18":"tag-main-news","19":"tag-mainnews","20":"tag-meteorologia","21":"tag-mudanca-de-tempo","22":"tag-news","23":"tag-noticias","24":"tag-noticias-principais","25":"tag-noticiasprincipais","26":"tag-portugal","27":"tag-previsao-do-tempo","28":"tag-principais-noticias","29":"tag-principaisnoticias","30":"tag-pt","31":"tag-tempo-para-amanha","32":"tag-tempo-proxima-semana","33":"tag-tempo-proximos-dias","34":"tag-top-stories","35":"tag-topstories","36":"tag-ultimas","37":"tag-ultimas-noticias","38":"tag-ultimasnoticias"},"share_on_mastodon":{"url":"","error":""},"_links":{"self":[{"href":"https:\/\/www.europesays.com\/pt\/wp-json\/wp\/v2\/posts\/116912","targetHints":{"allow":["GET"]}}],"collection":[{"href":"https:\/\/www.europesays.com\/pt\/wp-json\/wp\/v2\/posts"}],"about":[{"href":"https:\/\/www.europesays.com\/pt\/wp-json\/wp\/v2\/types\/post"}],"author":[{"embeddable":true,"href":"https:\/\/www.europesays.com\/pt\/wp-json\/wp\/v2\/users\/2"}],"replies":[{"embeddable":true,"href":"https:\/\/www.europesays.com\/pt\/wp-json\/wp\/v2\/comments?post=116912"}],"version-history":[{"count":0,"href":"https:\/\/www.europesays.com\/pt\/wp-json\/wp\/v2\/posts\/116912\/revisions"}],"wp:featuredmedia":[{"embeddable":true,"href":"https:\/\/www.europesays.com\/pt\/wp-json\/wp\/v2\/media\/116913"}],"wp:attachment":[{"href":"https:\/\/www.europesays.com\/pt\/wp-json\/wp\/v2\/media?parent=116912"}],"wp:term":[{"taxonomy":"category","embeddable":true,"href":"https:\/\/www.europesays.com\/pt\/wp-json\/wp\/v2\/categories?post=116912"},{"taxonomy":"post_tag","embeddable":true,"href":"https:\/\/www.europesays.com\/pt\/wp-json\/wp\/v2\/tags?post=116912"}],"curies":[{"name":"wp","href":"https:\/\/api.w.org\/{rel}","templated":true}]}}