{"id":116915,"date":"2025-10-19T06:49:09","date_gmt":"2025-10-19T06:49:09","guid":{"rendered":"https:\/\/www.europesays.com\/pt\/116915\/"},"modified":"2025-10-19T06:49:09","modified_gmt":"2025-10-19T06:49:09","slug":"gene-da-longevidade-de-supercentenarios-reverte-danos-cardiacos-em-criancas-com-progeria","status":"publish","type":"post","link":"https:\/\/www.europesays.com\/pt\/116915\/","title":{"rendered":"Gene da longevidade de supercenten\u00e1rios reverte danos card\u00edacos em crian\u00e7as com progeria"},"content":{"rendered":"<p>Investigadores descobriram que um gene extra\u00eddo de supercenten\u00e1rios conseguiu reverter danos card\u00edacos associados \u00e0 s\u00edndrome de progeria em modelos animais. O estudo abre caminho a novas abordagens terap\u00eauticas para esta doen\u00e7a rara de envelhecimento acelerado em crian\u00e7as.<\/p>\n<p><img loading=\"lazy\" decoding=\"async\" class=\"alignnone size-full wp-image-311260\" src=\"https:\/\/www.europesays.com\/pt\/wp-content\/uploads\/2025\/09\/transp.png\" alt=\"\" width=\"1\" height=\"1\"\/><\/p>\n<p class=\"ds-markdown-paragraph\">Uma equipa de cientistas da Universidade de Bristol e do IRCCS MultiMedica desvendou um poss\u00edvel novo caminho para travar os estragos da progeria, essa doen\u00e7a rara e fatal que condensa uma vida inteira de envelhecimento em pouco mais de uma d\u00e9cada. A descoberta, que salta \u00e0 vista na revista\u00a0Signal Transduction and Targeted Therapy, assenta na ideia de contra-atacar os efeitos de uma prote\u00edna t\u00f3xica com a gen\u00e9tica pr\u00f3pria de quem vive para l\u00e1 dos cem anos.<\/p>\n<p class=\"ds-markdown-paragraph\">A s\u00edndrome de Hutchinson-Gilford, ou progeria, \u00e9 um desses acasos gen\u00e9ticos brutais. Uma simples muta\u00e7\u00e3o no gene LMNA desencadeia a produ\u00e7\u00e3o desregrada de progerina, uma prote\u00edna que acelera o rel\u00f3gio celular de forma dram\u00e1tica. O n\u00facleo das c\u00e9lulas \u2014 a sua central de comando \u2014 fica deformado, e o cora\u00e7\u00e3o \u00e9 um dos primeiros a mostrar sinais de cansa\u00e7o extremo. A maioria dos jovens n\u00e3o ultrapassa a adolesc\u00eancia, v\u00edtima de complica\u00e7\u00f5es cardiovasculares. Sammy Basso, que se tornou num rosto conhecido da luta contra a progeria, conseguiu chegar aos 28 anos, mas a sua morte no final do ano passado veio lembrar a urg\u00eancia de encontrar respostas.<\/p>\n<p class=\"ds-markdown-paragraph\">A terapia atualmente aprovida, o lonafarnib, tenta travar a acumula\u00e7\u00e3o de progerina. H\u00e1 at\u00e9 uma nova ronda de testes cl\u00ednicos a combinar este f\u00e1rmaco com outra subst\u00e2ncia, o Progerinin. Mas o grupo de Bristol e MultiMedica decidiu virar a mesa. Em vez de atacar a progerina, ser\u00e1 que o corpo pode ser armado com defesas naturais contra os seus estragos?<\/p>\n<p class=\"ds-markdown-paragraph\">A aposta recaiu sobre o gene LAV-BPIFB4, uma variante gen\u00e9tica detetada em centen\u00e1rios e associada a um sistema cardiovascular mais resistente ao desgaste do tempo. A experi\u00eancia, conduzida em ratinhos geneticamente modificados para desenvolver progeria, mostrou que uma \u00fanica inje\u00e7\u00e3o do gene foi suficiente para melhorar a fun\u00e7\u00e3o card\u00edaca, em particular a fase de di\u00e1stole, em que o cora\u00e7\u00e3o relaxa e se enche de sangue. Os tecidos exibiram menos fibrose \u2014 esse espessamento cicatricial que compromete o m\u00fasculo card\u00edaco \u2014 e registou-se um recuo no n\u00famero de c\u00e9lulas j\u00e1 marcadas pela senesc\u00eancia. Como b\u00f3nus, o tratamento pareceu fomentar o crescimento de novos vasos sangu\u00edneos min\u00fasculos, uma esp\u00e9cie de rede de abastecimento extra para manter o cora\u00e7\u00e3o nutrido.<\/p>\n<p class=\"ds-markdown-paragraph\">Quando a equipa repetiu a experi\u00eancia em c\u00e9lulas humanas de doentes com progeria, os resultados mantiveram-se. A introdu\u00e7\u00e3o do gene LAV-BPIFB4 atenuou os sinais de envelhecimento precoce e fibrose, mas sem interferir diretamente com os n\u00edveis de progerina. Isto sugere que o mecanismo de a\u00e7\u00e3o n\u00e3o \u00e9 eliminar a causa, mas sim fortalecer as c\u00e9lulas contra as suas consequ\u00eancias.<\/p>\n<p class=\"ds-markdown-paragraph\">Yan Qiu, investigador honor\u00e1rio do Bristol Heart Institute, sublinha que o trabalho \u201cidentificou um efeito protetor de um \u2018gene da longevidade de supercenten\u00e1rios\u2019 contra a disfun\u00e7\u00e3o card\u00edaca da progeria\u201d. E avan\u00e7a: \u201cOs resultados alimentam a esperan\u00e7a de um novo tipo de terapia; uma baseada na biologia natural do envelhecimento saud\u00e1vel, e n\u00e3o no bloqueio da prote\u00edna defeituosa. Com o tempo, esta abordagem poder\u00e1 ajudar tamb\u00e9m a combater as doen\u00e7as card\u00edacas associadas ao envelhecimento normal.\u201d<\/p>\n<p class=\"ds-markdown-paragraph\">Do lado italiano, Annibale Puca, l\u00edder do grupo no MultiMedica e decano da Faculdade de Medicina da Universidade de Salerno, corrobora. \u201cEste \u00e9 o primeiro estudo a demonstrar que um gene associado \u00e0 longevidade pode contrariar os danos cardiovasculares provocados pela progeria\u201d, afirma. E adianta que, no futuro, a administra\u00e7\u00e3o do gene por terapia gen\u00e9tica poder\u00e1 ser complementada ou substitu\u00edda por m\u00e9todos de entrega baseados em prote\u00ednas ou RNA. \u201cEstamos a realizar numerosos estudos para explorar o potencial do LAV-BPIFB4 em diversas patologias, com o objetivo de transformar estas descobertas experimentais num novo f\u00e1rmaco biol\u00f3gico.\u201d<\/p>\n<p class=\"ds-markdown-paragraph\">Fica assim aberta uma nova frente de batalha contra uma doen\u00e7a at\u00e9 aqui implac\u00e1vel, n\u00e3o atrav\u00e9s do confronto direto, mas emprestando ao corpo as armas daqueles que melhor resistem \u00e0 passagem do tempo.<\/p>\n<p>NR\/HN\/AlphaGalileo<\/p>\n<p>Outros artigos com interesse:<\/p>\n","protected":false},"excerpt":{"rendered":"Investigadores descobriram que um gene extra\u00eddo de supercenten\u00e1rios conseguiu reverter danos card\u00edacos associados \u00e0 s\u00edndrome de progeria em&hellip;\n","protected":false},"author":2,"featured_media":116916,"comment_status":"","ping_status":"","sticky":false,"template":"","format":"standard","meta":{"footnotes":""},"categories":[86],"tags":[116,32,33,117],"class_list":{"0":"post-116915","1":"post","2":"type-post","3":"status-publish","4":"format-standard","5":"has-post-thumbnail","7":"category-saude","8":"tag-health","9":"tag-portugal","10":"tag-pt","11":"tag-saude"},"share_on_mastodon":{"url":"","error":""},"_links":{"self":[{"href":"https:\/\/www.europesays.com\/pt\/wp-json\/wp\/v2\/posts\/116915","targetHints":{"allow":["GET"]}}],"collection":[{"href":"https:\/\/www.europesays.com\/pt\/wp-json\/wp\/v2\/posts"}],"about":[{"href":"https:\/\/www.europesays.com\/pt\/wp-json\/wp\/v2\/types\/post"}],"author":[{"embeddable":true,"href":"https:\/\/www.europesays.com\/pt\/wp-json\/wp\/v2\/users\/2"}],"replies":[{"embeddable":true,"href":"https:\/\/www.europesays.com\/pt\/wp-json\/wp\/v2\/comments?post=116915"}],"version-history":[{"count":0,"href":"https:\/\/www.europesays.com\/pt\/wp-json\/wp\/v2\/posts\/116915\/revisions"}],"wp:featuredmedia":[{"embeddable":true,"href":"https:\/\/www.europesays.com\/pt\/wp-json\/wp\/v2\/media\/116916"}],"wp:attachment":[{"href":"https:\/\/www.europesays.com\/pt\/wp-json\/wp\/v2\/media?parent=116915"}],"wp:term":[{"taxonomy":"category","embeddable":true,"href":"https:\/\/www.europesays.com\/pt\/wp-json\/wp\/v2\/categories?post=116915"},{"taxonomy":"post_tag","embeddable":true,"href":"https:\/\/www.europesays.com\/pt\/wp-json\/wp\/v2\/tags?post=116915"}],"curies":[{"name":"wp","href":"https:\/\/api.w.org\/{rel}","templated":true}]}}