{"id":116919,"date":"2025-10-19T06:53:07","date_gmt":"2025-10-19T06:53:07","guid":{"rendered":"https:\/\/www.europesays.com\/pt\/116919\/"},"modified":"2025-10-19T06:53:07","modified_gmt":"2025-10-19T06:53:07","slug":"o-papa-a-usura-e-um-pecado-muito-grave-e-um-fardo-que-sufoca","status":"publish","type":"post","link":"https:\/\/www.europesays.com\/pt\/116919\/","title":{"rendered":"O Papa: a usura \u00e9 um pecado muito grave, \u00e9 um fardo que sufoca"},"content":{"rendered":"<p>Na audi\u00eancia ao Conselho Nacional Anti-Usura, por ocasi\u00e3o dos seus 30 anos de exist\u00eancia, Le\u00e3o XIV recorda o drama das v\u00edtimas desta pr\u00e1tica, que tem um impacto devastador na vida de muitas pessoas e fam\u00edlias. Mas \u201cos sistemas financeiros usur\u00e1rios podem colocar povos inteiros de joelhos\u201d. Por isso, \u201ca convers\u00e3o de quem se mancha com a usura \u00e9 t\u00e3o importante quanto a proximidade com quem sofre com a usura sofrida\u201d<\/p>\n<p>\n   Ou\u00e7a a reportagem com a voz do Papa Le\u00e3o XIV e compartilhe\n  <\/p>\n<p><b>Manoel Tavares\/Raimundo de Lima &#8211; Vatican News<\/b><\/p>\n<p>O Santo Padre recebeu, na manh\u00e3 deste s\u00e1bado, na Sala Clementina, no Vaticano, 150 membros da Conselho nacional italiano Antiusura, por ocasi\u00e3o dos seus 30 anos de exist\u00eancia.<\/p>\n<p>Em seu discurso, o Papa agradeceu, tamb\u00e9m em nome de seus predecessores, o trabalho feito, durante estes trinta anos de funda\u00e7\u00e3o, para combater um problema que tem um impacto devastador na vida de tantas pessoas e fam\u00edlias.<\/p>\n<p>Usura, corrup\u00e7\u00e3o do cora\u00e7\u00e3o humano <\/p>\n<p>O fen\u00f4meno da usura, disse o Pont\u00edfice, faz-nos recordar a corrup\u00e7\u00e3o do cora\u00e7\u00e3o humano. Trata-se de uma hist\u00f3ria dolorosa e antiga, que j\u00e1 encontramos na B\u00edblia: \u201cOs profetas denunciavam a usura, al\u00e9m da explora\u00e7\u00e3o e toda forma de injusti\u00e7a em rela\u00e7\u00e3o aos pobres\u201d. E explicou:<\/p>\n<p>\u201cQuanto est\u00e1 distante de Deus a atitude dos que oprimem as pessoas, a ponto de escraviz\u00e1-las! Este \u00e9 um pecado grave, \u00e0s vezes, grav\u00edssimo, porque n\u00e3o se reduz a uma mera contabilidade. A usura pode causar crises \u00e0s fam\u00edlias, desgastar a mente e o cora\u00e7\u00e3o at\u00e9 levar as pessoas a considerarem o suic\u00eddio como a \u00fanica sa\u00edda\u201d.<\/p>\n<p>Tamb\u00e9m pa\u00edses inteiros s\u00e3o v\u00edtimas de sistema usur\u00e1rios <\/p>\n<p>A din\u00e2mica negativa da usura, observou o Papa, manifesta-se em v\u00e1rios n\u00edveis: um tipo de usura, aparentemente, busca ajudar os que est\u00e3o em dificuldades financeiras, mas, logo se revela ser \u2018um peso sufocante\u2019. Os mais vulner\u00e1veis \u200b\u200bsofrem as consequ\u00eancias, como os que s\u00e3o v\u00edtimas do jogo. Por\u00e9m, afeta tamb\u00e9m os que devem enfrentar momentos dif\u00edceis, como tratamentos m\u00e9dicos extraordin\u00e1rios, despesas inesperadas, que v\u00e3o al\u00e9m das suas possibilidades e das de suas fam\u00edlias. Assim, o que, inicialmente, parece uma ajuda, na verdade, se torna um tormento a longo prazo. E o Papa continuou:<\/p>\n<p>\u201cIsso acontece tamb\u00e9m em diversos pa\u00edses no mundo. Infelizmente, sistemas financeiros usur\u00e1rios podem levar popula\u00e7\u00f5es inteiras \u00e0 ru\u00edna. Da mesma forma, n\u00e3o podemos ignorar os que, no com\u00e9rcio, se envolvem em pr\u00e1ticas usur\u00e1rias e mercantis, que causam a fome e a morte de seus irm\u00e3os e irm\u00e3s; suas responsabilidades s\u00e3o graves e alimentam estruturas do pecado in\u00edquas\u201d.<\/p>\n<p>Precioso o trabalho de quem combate a usura <\/p>\n<p>Aqui, Le\u00e3o XIV recordou as mesmas perguntas que sempre se repetem: \u201cOs menos dotados n\u00e3o s\u00e3o seres humanos? Os mais fracos n\u00e3o t\u00eam a mesma dignidade nossa? As pessoas que nascem, com menos possibilidades, contam menos? Devem s\u00f3 sobreviver? Respondendo a estas quest\u00f5es, disse: \u201cO valor das nossas sociedades depende da resposta que dermos a estas perguntas. O nosso futuro depende disso: devemos restabelecer a nossa dignidade moral e espiritual, sen\u00e3o cairemos em um po\u00e7o de imund\u00edcies\u201d. Por isso, o Papa enalteceu o trabalho dos membros da Consulta italiana:<\/p>\n<p>\u201cEis porque \u00e9 t\u00e3o preciosa a obra de quem, como voc\u00eas, se esfor\u00e7a para combater a usura e p\u00f4r um fim nesta pr\u00e1tica. O trabalho da sua funda\u00e7\u00e3o est\u00e1, sobretudo, em sintonia com o esp\u00edrito e a pr\u00e1tica do Jubileu e pode ser inserido entre os sinais de esperan\u00e7a, que caracterizam este Ano Santo\u201d.<\/p>\n<p>Convers\u00e3o e solidariedade <\/p>\n<p>Por fim, o Pont\u00edfice convidou os presentes a meditar sobre a atitude de Jesus para com Zaqueu, chefe dos publicanos de Jeric\u00f3, que, acostumado com os abusos, opress\u00e3o e intimida\u00e7\u00e3o, aproveitava para explorar as pessoas. Por isso, Jesus disse a Zaqueu para ficar em sua casa. Esta atitude do Messias fez com que ele se arrependesse de seus erros, a ponto de restituir quatro vezes mais os seus bens, com juros, aos pobres&#8221;! Enfim, o encontro com Cristo transformou o cora\u00e7\u00e3o daquele homem. A convers\u00e3o de quem comete usura \u00e9 t\u00e3o importante quanto a solidariedade com quem sofre por ela.<\/p>\n","protected":false},"excerpt":{"rendered":"Na audi\u00eancia ao Conselho Nacional Anti-Usura, por ocasi\u00e3o dos seus 30 anos de exist\u00eancia, Le\u00e3o XIV recorda o&hellip;\n","protected":false},"author":2,"featured_media":116920,"comment_status":"","ping_status":"","sticky":false,"template":"","format":"standard","meta":{"footnotes":""},"categories":[50],"tags":[27398,805,27,28,476,15,16,14,233,25,26,21,22,62,12,13,19,20,811,23,24,6543,17,18,29,30,31,63,64,65],"class_list":{"0":"post-116919","1":"post","2":"type-post","3":"status-publish","4":"format-standard","5":"has-post-thumbnail","7":"category-mundo","8":"tag-associacoes-caritativas","9":"tag-audiencias","10":"tag-breaking-news","11":"tag-breakingnews","12":"tag-economia","13":"tag-featured-news","14":"tag-featurednews","15":"tag-headlines","16":"tag-italia","17":"tag-latest-news","18":"tag-latestnews","19":"tag-main-news","20":"tag-mainnews","21":"tag-mundo","22":"tag-news","23":"tag-noticias","24":"tag-noticias-principais","25":"tag-noticiasprincipais","26":"tag-papa-leao-xiv","27":"tag-principais-noticias","28":"tag-principaisnoticias","29":"tag-solidariedade","30":"tag-top-stories","31":"tag-topstories","32":"tag-ultimas","33":"tag-ultimas-noticias","34":"tag-ultimasnoticias","35":"tag-world","36":"tag-world-news","37":"tag-worldnews"},"share_on_mastodon":{"url":"","error":""},"_links":{"self":[{"href":"https:\/\/www.europesays.com\/pt\/wp-json\/wp\/v2\/posts\/116919","targetHints":{"allow":["GET"]}}],"collection":[{"href":"https:\/\/www.europesays.com\/pt\/wp-json\/wp\/v2\/posts"}],"about":[{"href":"https:\/\/www.europesays.com\/pt\/wp-json\/wp\/v2\/types\/post"}],"author":[{"embeddable":true,"href":"https:\/\/www.europesays.com\/pt\/wp-json\/wp\/v2\/users\/2"}],"replies":[{"embeddable":true,"href":"https:\/\/www.europesays.com\/pt\/wp-json\/wp\/v2\/comments?post=116919"}],"version-history":[{"count":0,"href":"https:\/\/www.europesays.com\/pt\/wp-json\/wp\/v2\/posts\/116919\/revisions"}],"wp:featuredmedia":[{"embeddable":true,"href":"https:\/\/www.europesays.com\/pt\/wp-json\/wp\/v2\/media\/116920"}],"wp:attachment":[{"href":"https:\/\/www.europesays.com\/pt\/wp-json\/wp\/v2\/media?parent=116919"}],"wp:term":[{"taxonomy":"category","embeddable":true,"href":"https:\/\/www.europesays.com\/pt\/wp-json\/wp\/v2\/categories?post=116919"},{"taxonomy":"post_tag","embeddable":true,"href":"https:\/\/www.europesays.com\/pt\/wp-json\/wp\/v2\/tags?post=116919"}],"curies":[{"name":"wp","href":"https:\/\/api.w.org\/{rel}","templated":true}]}}