{"id":116921,"date":"2025-10-19T06:55:11","date_gmt":"2025-10-19T06:55:11","guid":{"rendered":"https:\/\/www.europesays.com\/pt\/116921\/"},"modified":"2025-10-19T06:55:11","modified_gmt":"2025-10-19T06:55:11","slug":"desilusao-na-ucrania-com-incerteza-sobre-obtencao-de-misseis-tomahawk","status":"publish","type":"post","link":"https:\/\/www.europesays.com\/pt\/116921\/","title":{"rendered":"Desilus\u00e3o na Ucr\u00e2nia com incerteza sobre obten\u00e7\u00e3o de m\u00edsseis Tomahawk"},"content":{"rendered":"<p>\n  De&amp;nbsp<b>Euronews<\/b>\n<\/p>\n<p>\n         Publicado a<br \/>\n            18\/10\/2025 &#8211; 17:59 GMT+2\n            <\/p>\n<p>          <img decoding=\"async\" class=\"c-ad__placeholder__logo\" src=\"https:\/\/static.euronews.com\/website\/images\/logos\/logo-euronews-stacked-outlined-72x72-grey-9.svg\" width=\"72\" height=\"72\" alt=\"\" loading=\"lazy\"\/><br \/>\n          PUBLICIDADE<\/p>\n<p>Residentes de Kiev expressaram desilus\u00e3o no s\u00e1bado ap\u00f3s o Presidente dos EUA, Donald Trump, ter sinalizado que estava inclinado <a href=\"https:\/\/pt.euronews.com\/2025\/10\/18\/trump-espera-por-fim-a-guerra-da-russia-sem-vender-tomahawks-a-ucrania\" rel=\"nofollow noopener\" target=\"_blank\"><strong>a n\u00e3o vender m\u00edsseis Tomahawk de longo alcance \u00e0 Ucr\u00e2nia.<\/strong><\/a><\/p>\n<p>Trump disse na sexta-feira que espera que os Tomahawks n\u00e3o sejam necess\u00e1rios nos esfor\u00e7os de paz dirigidos a Putin e ao fim da guerra da R\u00fassia na Ucr\u00e2nia.<\/p>\n<p>O republicano reuniu-se com o presidente ucraniano Volodymyr Zelenskyy em Washington, o quinto encontro presencial entre Trump e Zelenskyy desde janeiro.<\/p>\n<p>\u201cEsperan\u00e7osamente, conseguiremos terminar a guerra sem pensar nos Tomahawks\u201d, disse Trump, acrescentando que os EUA precisam dos seus Tomahawks e \u201cde muitas outras armas que estamos a enviar para a Ucr\u00e2nia.\u201d<\/p>\n<p>Os ucranianos acreditam que os m\u00edsseis poderiam ser um fator decisivo para levar o presidente russo Vladimir Putin \u00e0 mesa de negocia\u00e7\u00f5es. Portanto, a ret\u00f3rica mais recente de Trump sobre os Tomahawks gerou desilus\u00e3o para alguns.<\/p>\n<p>\u201cAcho que foi apenas um jogo\u2026 No entanto, precisar\u00edamos realmente deles para acabar com esta guerra\u201d, disse Roman Vynnychenko, um militar ucraniano.<\/p>\n<p>\u201cEstamos em guerra h\u00e1 mais de tr\u00eas anos; s\u00f3 queremos paz\u201d, disse Victoria Khramtsova, uma psic\u00f3loga em Kiev. \u201cTento focar-me no meu trabalho com crian\u00e7as e isso d\u00e1-me for\u00e7a para seguir em frente e n\u00e3o perder a esperan\u00e7a de um futuro melhor.\u201d<\/p>\n<p>Mudan\u00e7a de tom de Trump<\/p>\n<p>Zelenskyy, no in\u00edcio das conversa\u00e7\u00f5es na Casa Branca, disse ter uma \u201cproposta\u201d na qual a Ucr\u00e2nia poderia fornecer aos Estados Unidos os seus drones avan\u00e7ados, enquanto Washington venderia a Kiev os m\u00edsseis de cruzeiro Tomahawk.<\/p>\n<p>Mas Trump disse estar hesitante em recorrer ao fornecimento dos EUA, uma reviravolta ap\u00f3s dias de sugerir que estava a considerar seriamente enviar os m\u00edsseis para ajudar a Ucr\u00e2nia a repelir a invas\u00e3o russa.<\/p>\n<p>O tom de Trump sobre a guerra na Ucr\u00e2nia mudou novamente ap\u00f3s uma longa chamada telef\u00f3nica com Putin na quinta-feira, na qual anunciou que planeava reunir-se com o l\u00edder russo em Budapeste, Hungria, nas pr\u00f3ximas semanas.<\/p>\n<p>Putin avisou Trump durante a chamada que fornecer a Kiev os Tomahawks \u201cn\u00e3o mudaria a situa\u00e7\u00e3o no campo de batalha, mas causaria danos substanciais \u00e0 rela\u00e7\u00e3o entre os nossos pa\u00edses\u201d, de acordo com Yuri Ushakov, conselheiro de pol\u00edtica externa de Putin.<\/p>\n<p>\u201cTodos os dias morrem civis e soldados, edif\u00edcios colapsam, as nossas ruas e cidades est\u00e3o a ser destru\u00eddas\u201d, acrescentou Vynnychenko, refor\u00e7ando a necessidade urgente dos m\u00edsseis.<\/p>\n<p>Nos \u00faltimos dias, Trump tinha mostrado abertura para vender os Tomahawks \u00e0 Ucr\u00e2nia, mesmo com Putin a alertar que tal medida agravaria ainda mais a rela\u00e7\u00e3o entre os EUA e a R\u00fassia.<\/p>\n","protected":false},"excerpt":{"rendered":"De&amp;nbspEuronews Publicado a 18\/10\/2025 &#8211; 17:59 GMT+2 PUBLICIDADE Residentes de Kiev expressaram desilus\u00e3o no s\u00e1bado ap\u00f3s o Presidente&hellip;\n","protected":false},"author":2,"featured_media":116922,"comment_status":"","ping_status":"","sticky":false,"template":"","format":"standard","meta":{"footnotes":""},"categories":[8],"tags":[27,28,92,7618,15,16,14,6390,4167,25,26,21,22,12,13,19,20,32,23,24,33,17,18,840,29,30,31,8478],"class_list":{"0":"post-116921","1":"post","2":"type-post","3":"status-publish","4":"format-standard","5":"has-post-thumbnail","7":"category-principais-noticias","8":"tag-breaking-news","9":"tag-breakingnews","10":"tag-donald-trump","11":"tag-estados-unidos-da-america","12":"tag-featured-news","13":"tag-featurednews","14":"tag-headlines","15":"tag-invasao-da-ucrania-pela-russia","16":"tag-kiev","17":"tag-latest-news","18":"tag-latestnews","19":"tag-main-news","20":"tag-mainnews","21":"tag-news","22":"tag-noticias","23":"tag-noticias-principais","24":"tag-noticiasprincipais","25":"tag-portugal","26":"tag-principais-noticias","27":"tag-principaisnoticias","28":"tag-pt","29":"tag-top-stories","30":"tag-topstories","31":"tag-ucrania","32":"tag-ultimas","33":"tag-ultimas-noticias","34":"tag-ultimasnoticias","35":"tag-volodymyr-zelenskyy"},"share_on_mastodon":{"url":"","error":""},"_links":{"self":[{"href":"https:\/\/www.europesays.com\/pt\/wp-json\/wp\/v2\/posts\/116921","targetHints":{"allow":["GET"]}}],"collection":[{"href":"https:\/\/www.europesays.com\/pt\/wp-json\/wp\/v2\/posts"}],"about":[{"href":"https:\/\/www.europesays.com\/pt\/wp-json\/wp\/v2\/types\/post"}],"author":[{"embeddable":true,"href":"https:\/\/www.europesays.com\/pt\/wp-json\/wp\/v2\/users\/2"}],"replies":[{"embeddable":true,"href":"https:\/\/www.europesays.com\/pt\/wp-json\/wp\/v2\/comments?post=116921"}],"version-history":[{"count":0,"href":"https:\/\/www.europesays.com\/pt\/wp-json\/wp\/v2\/posts\/116921\/revisions"}],"wp:featuredmedia":[{"embeddable":true,"href":"https:\/\/www.europesays.com\/pt\/wp-json\/wp\/v2\/media\/116922"}],"wp:attachment":[{"href":"https:\/\/www.europesays.com\/pt\/wp-json\/wp\/v2\/media?parent=116921"}],"wp:term":[{"taxonomy":"category","embeddable":true,"href":"https:\/\/www.europesays.com\/pt\/wp-json\/wp\/v2\/categories?post=116921"},{"taxonomy":"post_tag","embeddable":true,"href":"https:\/\/www.europesays.com\/pt\/wp-json\/wp\/v2\/tags?post=116921"}],"curies":[{"name":"wp","href":"https:\/\/api.w.org\/{rel}","templated":true}]}}