{"id":116930,"date":"2025-10-19T07:05:23","date_gmt":"2025-10-19T07:05:23","guid":{"rendered":"https:\/\/www.europesays.com\/pt\/116930\/"},"modified":"2025-10-19T07:05:23","modified_gmt":"2025-10-19T07:05:23","slug":"o-seu-nome-e-bocage-e-e-uma-nova-especie-de-dinossauro-descoberta-em-portugal","status":"publish","type":"post","link":"https:\/\/www.europesays.com\/pt\/116930\/","title":{"rendered":"O seu nome \u00e9 Bocage e \u00e9 uma nova esp\u00e9cie de dinossauro descoberta em Portugal"},"content":{"rendered":"<p> <img decoding=\"async\" fetchpriority=\"high\" src=\"https:\/\/www.europesays.com\/pt\/wp-content\/uploads\/2025\/10\/o-seu-nome-e-bocage-e-e-uma-nova-especie-de-dinossauro-descoberta-em-portugal-1760469985872_1024.jpg\"  width=\"768\" height=\"432\" alt=\"Ilustra\u00e7\u00e3o do Cariocecus bocagei\" title=\"Ilustra\u00e7\u00e3o do Cariocecus bocagei\" data-image=\"92ba0kq9ntxp\"\/>Ilustra\u00e7\u00e3o do Cariocecus bocagei e do seu habitat durante o Cret\u00e1cico Inferior. Reconstru\u00e7\u00e3o art\u00edstica por Victor F. Carvalho   <img decoding=\"async\" fetchpriority=\"high\" src=\"https:\/\/www.europesays.com\/pt\/wp-content\/uploads\/2025\/08\/katia-catulo.jpg\" alt=\"Katia Catulo\" width=\"40\" height=\"40\"\/>    <a class=\"nombre text-hv\" href=\"https:\/\/www.tempo.pt\/autor\/katia-catulo\/\" title=\"Katia Catulo\" rel=\"nofollow noopener\" target=\"_blank\">Katia Catulo<\/a>       19\/10\/2025 07:27   7 min   <\/p>\n<p><strong>Sesimbra<\/strong>, para os paleont\u00f3logos, \u00e9 como uma cruz marcada num mapa, onde est\u00e3o escondidos grandes <strong>tesouros<\/strong> do <strong>passado geol\u00f3gico da Terra<\/strong>. Foi no <strong>Cabo<\/strong> <strong>Espichel<\/strong>, por exemplo, que se descobriram, em 2019, as mais de <strong>600 pegadas de dinossauros carn\u00edvoros e herb\u00edvoros<\/strong> com cerca de <strong>129 milh\u00f5es de anos<\/strong>. <\/p>\n<p>A regi\u00e3o possui, inclusive, <strong>tr\u00eas jazidas de pegadas<\/strong> classificadas como <strong>monumentos<\/strong> <strong>naturais<\/strong>: a pedreira da Mua, os Lagosteiros, e a pedreira do Avelino.<\/p>\n<p>Todos este esp\u00f3lio paleont\u00f3logo faz deste <strong>munic\u00edpio<\/strong> costeiro da <strong>Pen\u00ednsula de Set\u00fabal<\/strong> um dos <strong>s\u00edtios <\/strong>mais <strong>importantes<\/strong> da <strong>Europa<\/strong>. Mas <strong>nenhum dos f\u00f3sseis de dinossauros <\/strong>at\u00e9 ent\u00e3o descobertos, <strong>possu\u00eda<\/strong>, na verdade, <strong>caracter\u00edsticas<\/strong> para ser considerado uma <strong>nova esp\u00e9cie<\/strong>.<\/p>\n<p>Esse \u00e9 um mais um marco alcan\u00e7ado agora, com uma nova esp\u00e9cie identificada na <strong>praia da \u00c1rea do Mastro<\/strong>, em Sesimbra, em <strong>dep\u00f3sitos<\/strong> com cerca de <strong>125 milh\u00f5es de anos<\/strong>. Trata-se de uma <strong>nova linhagem dos dinossauros iguanodonte<\/strong>.<\/p>\n<p>F\u00f3ssil resgatado do avan\u00e7o do mar<\/p>\n<p>Batizada de <strong>Cariocecus bocagei<\/strong>, esta \u00e9 a <strong>primeira esp\u00e9cie de iguanodonte<\/strong> nomeada do <strong>Cret\u00e1ceo Inferior portugu\u00eas<\/strong> (entre h\u00e1 145 milh\u00f5es e 100,5 milh\u00f5es de anos). A sua descoberta s\u00f3 foi poss\u00edvel gra\u00e7as ao <strong>olhar atento<\/strong> do investigador <strong>Pedro Marreco<\/strong>.<\/p>\n<p>O Iguanodonte foi um dinossauro herb\u00edvoro b\u00edpede do in\u00edcio do Cret\u00e1ceo, conhecido pelos dentes achatados e um grande espinho pontiagudo em cada polegar. <\/p>\n<p>Foi o paleont\u00f3logo da <strong>Sociedade de Hist\u00f3ria Natural de Torres Vedras<\/strong> que o identificou e conseguiu <strong>salv\u00e1-lo da destrui\u00e7\u00e3o<\/strong>, ap\u00f3s o <strong>avan\u00e7o do mar ter abatido a arriba <\/strong>onde se encontrava depositado.<\/p>\n<p><img loading=\"lazy\" decoding=\"async\" fetchpriority=\"low\" class=\"lazy \" src=\"https:\/\/www.europesays.com\/pt\/wp-content\/uploads\/2025\/10\/o-seu-nome-e-bocage-e-e-uma-nova-especie-de-dinossauro-descoberta-em-portugal-1760470050714_1024.jpg\"  width=\"768\" height=\"432\" alt=\"Modelo 3D de cr\u00e2nio do dinossauro Cariocecus bocagei\" title=\"Modelo 3D de cr\u00e2nio do dinossauro Cariocecus bocagei\" data-image=\"9umwgtg37e34\"\/>Modelo 3D de cr\u00e2nio do dinossauro Cariocecus bocagei. Imagem: Fabio Manucci<\/p>\n<p>O esfor\u00e7o valeria sempre a pena, mas a <strong>recompensa foi muito mais gratificante<\/strong> depois de perceber que diante de si tinha o <strong>f\u00f3ssil de um cr\u00e2nio excecionalmente bem preservado<\/strong>, sendo <strong>o mais completo alguma vez encontrado em Portugal<\/strong>. <\/p>\n<p>O nome <strong>Cariocecus<\/strong>, da nova esp\u00e9cie, evoca uma antiga divindade guerreira venerada na regi\u00e3o antes da ocupa\u00e7\u00e3o romana, enquanto <strong>bocagei<\/strong> \u00e9 uma homenagem ao <strong>naturalista portugu\u00eas Jos\u00e9 Vicente Barbosa du Bocage<\/strong>, primo do poeta Bocage.<\/p>\n<p>O exemplar foi <strong>transportado<\/strong> e <strong>armazenado<\/strong> com todos os cuidados at\u00e9 \u00e0s instala\u00e7\u00f5es da <strong>Sociedade de Hist\u00f3ria Natural de Torres Vedras<\/strong>. A sua import\u00e2ncia justificou reunir de imediato uma <strong>equipa internacional <\/strong>para estudar o <strong>manancial de informa\u00e7\u00e3o<\/strong> obtido atrav\u00e9s de minuciosos exames.<\/p>\n<p><a class=\"imagen \" href=\"https:\/\/www.tempo.pt\/noticias\/actualidade\/descoberta-jurassica-em-torres-novas-o-misterio-das-pegadas-de-dinossauro-foi-revelado.html\" title=\"Descoberta Jur\u00e1ssica em Torres Novas: o mist\u00e9rio das pegadas de dinossauro foi revelado\" rel=\"nofollow noopener\" target=\"_blank\"><img loading=\"lazy\" decoding=\"async\" fetchpriority=\"low\" class=\"lazy img-body non-editable\" src=\"https:\/\/www.europesays.com\/pt\/wp-content\/uploads\/2025\/10\/descoberta-jurassica-em-torres-novas-o-misterio-das-pegadas-de-dinossauro-foi-revelado-1736195229148.jpeg\"  width=\"320\" height=\"225\" alt=\"Descoberta Jur\u00e1ssica em Torres Novas: o mist\u00e9rio das pegadas de dinossauro foi revelado\"\/><\/a><\/p>\n<p>Vieram paleont\u00f3logos de <strong>universidades<\/strong> <strong>belga<\/strong>, <strong>italiana<\/strong> e <strong>americana<\/strong>, al\u00e9m de v\u00e1rias institui\u00e7\u00f5es <strong>portuguesas<\/strong>, naturalmente, como a <strong>Sociedade de Hist\u00f3ria Natural de Torres Vedras,<\/strong> a <strong>Universidade Nova de Lisboa<\/strong> e o <strong>Polit\u00e9cnico de Tomar<\/strong>.<\/p>\n<p>Quase uma d\u00e9cada de investiga\u00e7\u00e3o multidisciplinar<\/p>\n<p>A investiga\u00e7\u00e3o, na verdade, arrancou em meados de <strong>2016<\/strong>, mas a <strong>complexidade<\/strong> do trabalho fez com os <strong>resultados s\u00f3 agora fossem publicados<\/strong> na revista cient\u00edfica Journal of Systematic Palaeontology.<\/p>\n<p>Com <strong>125 milh\u00f5es de anos, o f\u00f3ssil ainda conserva uma fileira de dentes<\/strong> vis\u00edvel na rocha, o que \u00e9 extraordinariamente raro. <\/p>\n<p>O seu estudo, todavia, revelou <strong>outras<\/strong> c<strong>aracter\u00edsticas <\/strong>igualmente <strong>incomuns<\/strong>. Por se tratar de um exemplar <strong>jovem <\/strong>ou rec\u00e9m-chegado \u00e0 fase adulta, os investigadores conseguiram estudar como os <strong>ossos cranianos se fundiram durante o crescimento<\/strong>.<\/p>\n<p>A <strong>maxila<\/strong> e o <strong>jugal<\/strong>, dois ossos da <strong>mand\u00edbula superior<\/strong>, estavam <strong>fortemente<\/strong> <strong>unidos<\/strong>, ao contr\u00e1rio de todos os outros ornit\u00f3podes. Essa particularidade, segundo os autores do estudo, poder\u00e1 ter <strong>permitido ao animal mastigar materiais mais duros<\/strong> em compara\u00e7\u00e3o com outras esp\u00e9cies.<\/p>\n<p>Uma janela para o interior do c\u00e9rebro do Cariocecus<\/p>\n<p>A excecional preserva\u00e7\u00e3o do cr\u00e2nio permitiu <strong>reconstruir digitalmente o seu molde interno a tr\u00eas dimens\u00f5es<\/strong>, com <strong>estruturas internas do ouvido<\/strong>, <strong>cavidades<\/strong> e <strong>nervos<\/strong> <strong>cranianos<\/strong>, possibilitando or estudo sobre a evolu\u00e7\u00e3o e diversidade do Cariocecus durante o Cret\u00e1ceo Inferior.<\/p>\n<p><img loading=\"lazy\" decoding=\"async\" fetchpriority=\"low\" class=\"lazy \" src=\"https:\/\/www.europesays.com\/pt\/wp-content\/uploads\/2025\/10\/o-seu-nome-e-bocage-e-e-uma-nova-especie-de-dinossauro-descoberta-em-portugal-1760469360123_1024.jpg\"  width=\"768\" height=\"432\" alt=\"cr\u00e2nio do dinossauro Cariocecus bocagei\" title=\"cr\u00e2nio do dinossauro Cariocecus bocagei\" data-image=\"eruz4tfrl1yb\"\/>A descoberta \u00e9 uma pe\u00e7a-chave para compreender a transi\u00e7\u00e3o evolutiva entre os dinossauros herb\u00edvoros do Jur\u00e1ssico e os iguanodontes mais avan\u00e7ados do Cret\u00e1cico. Foto: Sociedade de Hist\u00f3ria Natural de Torres Vedras<\/p>\n<p>Foi uma \u201c<strong>verdadeira caixa de pandora que se abriu<\/strong>\u201d, contou o paleont\u00f3logo <strong>Ricardo Ara\u00fajo<\/strong>, citado no comunicado da Sociedade de Hist\u00f3ria Natural de Torres Vedras. A reconstru\u00e7\u00e3o tridimensional revelou detalhes \u00fanicos sobre a audi\u00e7\u00e3o e sobre o desenvolvimento craniano, al\u00e9m de <strong>sugerir novas pistas para compreender o metabolismo e capacidades sensoriais destas criaturas. <\/strong><\/p>\n<p>At\u00e9 agora, apenas esp\u00e9cies mais primitivas tinham sido identificadas no Jur\u00e1ssico Superior portugu\u00eas, como Draconyx loureiroi, Eousdryosaurus nanohallucis e Hesperonyx martinhotomasorum.<\/p>\n<p>O <strong>Cariocecus bocagei<\/strong> est\u00e1 agora entre <strong>os mais antigos hadrossaur\u00f3ides<\/strong> (herb\u00edvoros de m\u00e9dio a grande porte) <strong>conhecidos<\/strong>, sugerindo que o grupo pode ter tido uma <strong>origem euro-africana<\/strong>, e n\u00e3o asi\u00e1tica, como se julgava. Segundo os investigadores, esta <strong>mistura de caracter\u00edsticas primitivas e avan\u00e7adas<\/strong> mostra a <strong>complexidade <\/strong>da<strong> evolu\u00e7\u00e3o <\/strong>dos<strong> iguanodontes<\/strong> no <strong>Cret\u00e1cico<\/strong>.<\/p>\n<p><a class=\"imagen \" href=\"https:\/\/www.tempo.pt\/noticias\/ciencia\/a-extincao-dos-dinossauros-tambem-transformou-a-terra-florestas-floresceram-e-rios-se-acalmaram.html\" title=\"A extin\u00e7\u00e3o dos dinossauros tamb\u00e9m transformou a Terra: florestas floresceram e rios acalmaram-se\" rel=\"nofollow noopener\" target=\"_blank\"><img loading=\"lazy\" decoding=\"async\" fetchpriority=\"low\" class=\"lazy img-body non-editable\" src=\"https:\/\/www.europesays.com\/pt\/wp-content\/uploads\/2025\/10\/la-extincion-de-los-dinosaurios-tambien-transformo-la-tierra-los-bosques-florecieron-y-los-rios-se-c.jpeg\"  width=\"320\" height=\"225\" alt=\"A extin\u00e7\u00e3o dos dinossauros tamb\u00e9m transformou a Terra: florestas floresceram e rios acalmaram-se\"\/><\/a><\/p>\n<p>A sua descoberta revela ainda que o <strong>territ\u00f3rio portugu\u00eas<\/strong> pode vir a ser uma importante <strong>ponte entre estes per\u00edodos geol\u00f3gicos<\/strong>, podendo dar aos especialistas raras oportunidades para desvendar os segredos do sucesso evolutivo dos iguanodontes.<\/p>\n<p>Refer\u00eancias da not\u00edcia<\/p>\n<p>Bertozzo, F., Camilo, B., Ara\u00fajo, R., Manucci, F., Kullberg, J.C., Cerio, D.G., Carvalho, V.F., Marrecas, P., Figueiredo, S.D., &amp; Godefroit, P. (2025). <a href=\"https:\/\/www.tandfonline.com\/doi\/full\/10.1080\/14772019.2025.2536347\" target=\"_blank\" rel=\"nofollow noopener\">Cariocecus bocagei, a new basal hadrosauroid from the Lower Cretaceous of Portugal<\/a>. Journal of Systematic Palaeontology<\/p>\n<p><a href=\"https:\/\/www.shn.pt\/post\/bem-vindo-cariocecus-bocagei-um-novo-dinossauro-do-cret%C3%A1cico-inferior-de-portugal\" target=\"_blank\" rel=\"nofollow noopener\">Bem-vindo, Cariocecus bocagei: um novo dinossauro do Cret\u00e1cico Inferior de Portugal!<\/a> Sociedade de Hist\u00f3ria Natural de Torres Vedras<\/p>\n","protected":false},"excerpt":{"rendered":"Ilustra\u00e7\u00e3o do Cariocecus bocagei e do seu habitat durante o Cret\u00e1cico Inferior. Reconstru\u00e7\u00e3o art\u00edstica por Victor F. Carvalho&hellip;\n","protected":false},"author":2,"featured_media":116931,"comment_status":"","ping_status":"","sticky":false,"template":"","format":"standard","meta":{"footnotes":""},"categories":[84],"tags":[109,107,108,3921,27399,6951,32,33,105,103,104,106,110],"class_list":{"0":"post-116930","1":"post","2":"type-post","3":"status-publish","4":"format-standard","5":"has-post-thumbnail","7":"category-ciencia-e-tecnologia","8":"tag-ciencia","9":"tag-ciencia-e-tecnologia","10":"tag-cienciaetecnologia","11":"tag-dinossauros","12":"tag-eras-geologicas","13":"tag-paleontologia","14":"tag-portugal","15":"tag-pt","16":"tag-science","17":"tag-science-and-technology","18":"tag-scienceandtechnology","19":"tag-technology","20":"tag-tecnologia"},"share_on_mastodon":{"url":"","error":""},"_links":{"self":[{"href":"https:\/\/www.europesays.com\/pt\/wp-json\/wp\/v2\/posts\/116930","targetHints":{"allow":["GET"]}}],"collection":[{"href":"https:\/\/www.europesays.com\/pt\/wp-json\/wp\/v2\/posts"}],"about":[{"href":"https:\/\/www.europesays.com\/pt\/wp-json\/wp\/v2\/types\/post"}],"author":[{"embeddable":true,"href":"https:\/\/www.europesays.com\/pt\/wp-json\/wp\/v2\/users\/2"}],"replies":[{"embeddable":true,"href":"https:\/\/www.europesays.com\/pt\/wp-json\/wp\/v2\/comments?post=116930"}],"version-history":[{"count":0,"href":"https:\/\/www.europesays.com\/pt\/wp-json\/wp\/v2\/posts\/116930\/revisions"}],"wp:featuredmedia":[{"embeddable":true,"href":"https:\/\/www.europesays.com\/pt\/wp-json\/wp\/v2\/media\/116931"}],"wp:attachment":[{"href":"https:\/\/www.europesays.com\/pt\/wp-json\/wp\/v2\/media?parent=116930"}],"wp:term":[{"taxonomy":"category","embeddable":true,"href":"https:\/\/www.europesays.com\/pt\/wp-json\/wp\/v2\/categories?post=116930"},{"taxonomy":"post_tag","embeddable":true,"href":"https:\/\/www.europesays.com\/pt\/wp-json\/wp\/v2\/tags?post=116930"}],"curies":[{"name":"wp","href":"https:\/\/api.w.org\/{rel}","templated":true}]}}