{"id":116933,"date":"2025-10-19T07:08:13","date_gmt":"2025-10-19T07:08:13","guid":{"rendered":"https:\/\/www.europesays.com\/pt\/116933\/"},"modified":"2025-10-19T07:08:13","modified_gmt":"2025-10-19T07:08:13","slug":"o-estivador-de-leixoes-que-ajudou-um-traficante-e-fugiu-observador","status":"publish","type":"post","link":"https:\/\/www.europesays.com\/pt\/116933\/","title":{"rendered":"O estivador de Leix\u00f5es que ajudou um traficante (e fugiu) \u2013 Observador"},"content":{"rendered":"<p>Quase tr\u00eas horas depois e por mensagem, V\u00edtor foi chamado at\u00e9 a um parque de estacionamento. Se n\u00e3o aparecesse, iam busc\u00e1-lo a casa, prometia o traficante. \u201cVais meter estes tr\u00eas gajos dentro da mala da tua carrinha e vais entrar com eles\u201d, ordenou. \u201cDepois vais indicar-lhes onde est\u00e1 o contentor e vais esperar por eles.\u201d<\/p>\n<p>Faltavam cinco minutos para as quatro da manh\u00e3 quando V\u00edtor entrou novamente no porto de Leix\u00f5es. No porta-bagagens, levava os tr\u00eas homens, mas alegou que s\u00f3 vinha buscar o telem\u00f3vel de que se tinha esquecido.<\/p>\n<p>Ao p\u00e9 do contentor, os tr\u00eas homens sa\u00edram do carro e voltaram com tr\u00eas sacos cheios de coca\u00edna. Mais uma vez, V\u00edtor entrou em p\u00e2nico e fugiu. Para tr\u00e1s, ficaram os tr\u00eas homens, que acabaram surpreendidos por seguran\u00e7as do porto. Restou-lhes saltar a veda\u00e7\u00e3o \u2014 o que conseguiram fazer \u2014 e deixar para tr\u00e1s um dos sacos, onde estavam 25 embalagens de coca\u00edna. As imagens acabaram captadas pelas c\u00e2maras de videovigil\u00e2ncia.<\/p>\n<p>Analisada a droga, apurou-se que tinha um grau de pureza entre 94,1% e 98,2%, e era suficiente para pelo menos 119.156 doses.<\/p>\n<p>O Tribunal de Matosinhos condenou V\u00edtor no in\u00edcio de outubro pelo crime de tr\u00e1fico de estupefacientes a tr\u00eas anos de pris\u00e3o efetiva, pena atenuada por ter denunciado o homem que o convenceu, numa decis\u00e3o que ainda n\u00e3o transitou em julgado. Desde dezembro de 2024 que se encontrava em pris\u00e3o preventiva.<\/p>\n","protected":false},"excerpt":{"rendered":"Quase tr\u00eas horas depois e por mensagem, V\u00edtor foi chamado at\u00e9 a um parque de estacionamento. Se n\u00e3o&hellip;\n","protected":false},"author":2,"featured_media":116934,"comment_status":"","ping_status":"","sticky":false,"template":"","format":"standard","meta":{"footnotes":""},"categories":[10],"tags":[27,28,604,152,15,16,14,300,25,26,21,22,12,13,19,20,32,23,24,33,2004,58,17,18,299,29,30,31],"class_list":{"0":"post-116933","1":"post","2":"type-post","3":"status-publish","4":"format-standard","5":"has-post-thumbnail","7":"category-portugal","8":"tag-breaking-news","9":"tag-breakingnews","10":"tag-crime","11":"tag-drogas","12":"tag-featured-news","13":"tag-featurednews","14":"tag-headlines","15":"tag-justiu00e7a","16":"tag-latest-news","17":"tag-latestnews","18":"tag-main-news","19":"tag-mainnews","20":"tag-news","21":"tag-noticias","22":"tag-noticias-principais","23":"tag-noticiasprincipais","24":"tag-portugal","25":"tag-principais-noticias","26":"tag-principaisnoticias","27":"tag-pt","28":"tag-seguranu00e7a","29":"tag-sociedade","30":"tag-top-stories","31":"tag-topstories","32":"tag-tribunal","33":"tag-ultimas","34":"tag-ultimas-noticias","35":"tag-ultimasnoticias"},"share_on_mastodon":{"url":"","error":""},"_links":{"self":[{"href":"https:\/\/www.europesays.com\/pt\/wp-json\/wp\/v2\/posts\/116933","targetHints":{"allow":["GET"]}}],"collection":[{"href":"https:\/\/www.europesays.com\/pt\/wp-json\/wp\/v2\/posts"}],"about":[{"href":"https:\/\/www.europesays.com\/pt\/wp-json\/wp\/v2\/types\/post"}],"author":[{"embeddable":true,"href":"https:\/\/www.europesays.com\/pt\/wp-json\/wp\/v2\/users\/2"}],"replies":[{"embeddable":true,"href":"https:\/\/www.europesays.com\/pt\/wp-json\/wp\/v2\/comments?post=116933"}],"version-history":[{"count":0,"href":"https:\/\/www.europesays.com\/pt\/wp-json\/wp\/v2\/posts\/116933\/revisions"}],"wp:featuredmedia":[{"embeddable":true,"href":"https:\/\/www.europesays.com\/pt\/wp-json\/wp\/v2\/media\/116934"}],"wp:attachment":[{"href":"https:\/\/www.europesays.com\/pt\/wp-json\/wp\/v2\/media?parent=116933"}],"wp:term":[{"taxonomy":"category","embeddable":true,"href":"https:\/\/www.europesays.com\/pt\/wp-json\/wp\/v2\/categories?post=116933"},{"taxonomy":"post_tag","embeddable":true,"href":"https:\/\/www.europesays.com\/pt\/wp-json\/wp\/v2\/tags?post=116933"}],"curies":[{"name":"wp","href":"https:\/\/api.w.org\/{rel}","templated":true}]}}