{"id":116942,"date":"2025-10-19T07:21:09","date_gmt":"2025-10-19T07:21:09","guid":{"rendered":"https:\/\/www.europesays.com\/pt\/116942\/"},"modified":"2025-10-19T07:21:09","modified_gmt":"2025-10-19T07:21:09","slug":"como-uma-pasta-revelou-uma-fortuna-perdida-na-alemanha-nazi-observador","status":"publish","type":"post","link":"https:\/\/www.europesays.com\/pt\/116942\/","title":{"rendered":"Como uma pasta revelou uma fortuna perdida na Alemanha nazi \u2013 Observador"},"content":{"rendered":"<p>Enquanto crescia come\u00e7ou a perceber que havia uma \u201cescurid\u00e3o\u201d no mundo do pai, mas nunca tinha percebido o que era. Tamb\u00e9m assistiu a epis\u00f3dios em que algu\u00e9m destacava que o pai tinha um ligeiro sotaque alem\u00e3o, mas depressa o assunto era relegado para segundo plano.<\/p>\n<p>S\u00f3 quando Peter Easton morreu, em 2009, \u00e9 que o seu filho, Antony Easton, juntou todas as pe\u00e7as do puzzle no apartamento do pai, na cidade de Lymington, em Hampshire, Reino Unido. Estava a inventariar os pertences do familiar quando encontrou uma pasta escondida debaixo de uma cama.<\/p>\n<p>No seu interior estavam as provas de uma inf\u00e2ncia, e acima de tudo da origem sobre a qual o pai nunca tinha falado abertamente. <strong>Notas alem\u00e3s, fotografias, registos de mem\u00f3rias e uma certid\u00e3o de nascimento que mostrava que tinha nascido e crescido na Alemanha,<\/strong> antes da Segunda Guerra Mundial,\u00a0no seio de uma das fam\u00edlias judias mais ricas de Berlim.<\/p>\n<p><a href=\"https:\/\/www.bbc.com\/news\/articles\/c33pvlez6yjo\" rel=\"nofollow noopener\" target=\"_blank\">A BBC<\/a> descreve que se seguiram anos de descobertas de Antony sobre os seus antepassados, que revelaram uma fam\u00edlia devastada pelo Holocausto, mas de forma ainda mais surpreendente, uma <strong>fortuna desaparecida no valor de milhares de milh\u00f5es de euros<\/strong> e um legado de obras de arte e propriedades roubadas sob o dom\u00ednio nazi.<\/p>\n<p>Atrav\u00e9s dos registos fotogr\u00e1ficos que encontrou, percebeu que a inf\u00e2ncia do pai n\u00e3o podia ter sido mais diferente do meio modesto em que foi criado em Londres. Afinal de contas, as\u00a0 fotografias onde o pai aparecia tinham sido captadas em mans\u00f5es e exibiam sinais de muita riqueza.<\/p>\n<p>Numa primeira fase, Antony Easton recorreu a conhecidos para saber mais. Pediu a um amigo falava fluentemente alem\u00e3o para investigar a empresa Hahn\u2019sche Werke, referida muitas vezes nos documentos que encontram dentro da mala do pai, Peter. Descobriram uma pintura, de 1910, que retratava o interior de uma grande f\u00e1brica de a\u00e7o. Os registos p\u00fablicos mostravam que a obra tinha sido encomendada por\u00a0Heinrich Eisner: o bisav\u00f4 do ingl\u00eas.<\/p>\n<p>Antony Easton percebeu depois que o patriarca detinha a <strong>empresa alem\u00e3 que fabricava tubos de a\u00e7o, com f\u00e1bricas espalhadas pela Alemanha, Pol\u00f3nia e R\u00fassia<\/strong>.\u00a0Heinrich e a sua esposa, Olga, a sua bisav\u00f3, possu\u00edam v\u00e1rias propriedades em Berlim e arredores, incluindo um pr\u00e9dio de seis andares no centro da capital alem\u00e3.<\/p>\n<p>O bisav\u00f4 morreu em 1918 e deixou a fortuna pessoal ao seu filho, Rudolf, que regressara do servi\u00e7o militar na Primeira Guerra Mundial. Nas duas d\u00e9cadas seguintes, as amea\u00e7as aos judeus foram crescendo em v\u00e1rios pa\u00edses da Europa, mas Rudolf Eisner acreditava que estaria em seguran\u00e7a se tornasse a sua empresa valiosa para o regime nazi. S\u00f3 com o passar dos anos, percebeu que n\u00e3o seria exce\u00e7\u00e3o \u00e0 regra.<\/p>\n<p>A fam\u00edlia Eisner come\u00e7ou a desmantelar a empresa e a vender propriedades para fugir \u00e0s expropria\u00e7\u00f5es, mas\u00a0 o auge da crise recorreram a um homem, n\u00e3o judeu, chamado Martin Hartig, economista e consultor fiscal, que iria alterar o rumo de tudo.<\/p>\n<p>Hartig ofereceu \u00e0 fam\u00edlia judia uma solu\u00e7\u00e3o para evitar o iminente confisco dos seus bens pelos nazis. Ofereceu-se para servir de \u201cguardi\u00e3o\u201d das diversas propriedades e bens da fam\u00edlia. Mas acabou por <strong>transferir permanentemente os bens dos Eisner para o seu pr\u00f3prio nome<\/strong>.<\/p>\n<p>Apesar de terem perdido a fortuna que tinham constru\u00eddo ao longo de gera\u00e7\u00f5es, os av\u00f3s e o pai de Antony conseguiram escapar da Alemanha em 1938. Os bilhetes de comboio, as etiquetas de bagagem e os folhetos de hot\u00e9is ainda est\u00e3o\u00a0preservados na mala de Peter.<\/p>\n<p>Depois de ligar todos os pontos, Antony quis dar o passo seguinte \u2014 conhecer membros da fam\u00edlia Hartig. Contratou uma investigadora experiente para descobrir o que tinha sido exatamente roubado e onde estavam esses bens e propriedades na atualidade. E conseguiu at\u00e9 \u00e0 filha de Martin Hartig, que tinha uma hist\u00f3ria bem diferente daquela que Antony esperava.<\/p>\n<p>O pai sempre lhe disse que era opositor dos nazis e que tinha ajudado a salvar os Eisner, ajudando-os a chegar ao Reino Unido e<strong>\u00a0a contrabandear pinturas para fora da Alemanha<\/strong>, de forma a que as pudessem recuperar tudo mais tarde. Garantiu tamb\u00e9m ter feito compras leg\u00edtimas de bens. Mas outros membros do cl\u00e3 Hartig n\u00e3o afastaram o cen\u00e1rio de Martin Hartig se ter aproveitado da situa\u00e7\u00e3o de fragilidade da fam\u00edlia judia.<\/p>\n<p>.Antony Easton disse \u00e0 BBC que n\u00e3o tem como avan\u00e7ar com um processo para tentar a devolu\u00e7\u00e3o dos bens dos av\u00f3s, mas o que est\u00e1 em causa n\u00e3o \u00e9 apenas dinheiro. \u201cSempre afirmei que n\u00e3o est\u00e3o em causa apenas objetos, dinheiro e propriedades, mas sim pessoas\u201d, afirmou \u00e0 esta\u00e7\u00e3o brit\u00e2nica. \u201cTodo este processo transformou-os em pessoas reais, que tiveram vidas reais\u201d, constatou.<\/p>\n","protected":false},"excerpt":{"rendered":"Enquanto crescia come\u00e7ou a perceber que havia uma \u201cescurid\u00e3o\u201d no mundo do pai, mas nunca tinha percebido o&hellip;\n","protected":false},"author":2,"featured_media":116943,"comment_status":"","ping_status":"","sticky":false,"template":"","format":"standard","meta":{"footnotes":""},"categories":[50],"tags":[1305,27,28,445,15,16,14,312,25,26,21,22,62,13890,12,13,19,20,23,24,713,313,58,17,18,29,30,31,63,64,65],"class_list":{"0":"post-116942","1":"post","2":"type-post","3":"status-publish","4":"format-standard","5":"has-post-thumbnail","7":"category-mundo","8":"tag-alemanha","9":"tag-breaking-news","10":"tag-breakingnews","11":"tag-europa","12":"tag-featured-news","13":"tag-featurednews","14":"tag-headlines","15":"tag-judau00edsmo","16":"tag-latest-news","17":"tag-latestnews","18":"tag-main-news","19":"tag-mainnews","20":"tag-mundo","21":"tag-nazismo","22":"tag-news","23":"tag-noticias","24":"tag-noticias-principais","25":"tag-noticiasprincipais","26":"tag-principais-noticias","27":"tag-principaisnoticias","28":"tag-reino-unido","29":"tag-religiu00e3o","30":"tag-sociedade","31":"tag-top-stories","32":"tag-topstories","33":"tag-ultimas","34":"tag-ultimas-noticias","35":"tag-ultimasnoticias","36":"tag-world","37":"tag-world-news","38":"tag-worldnews"},"share_on_mastodon":{"url":"","error":""},"_links":{"self":[{"href":"https:\/\/www.europesays.com\/pt\/wp-json\/wp\/v2\/posts\/116942","targetHints":{"allow":["GET"]}}],"collection":[{"href":"https:\/\/www.europesays.com\/pt\/wp-json\/wp\/v2\/posts"}],"about":[{"href":"https:\/\/www.europesays.com\/pt\/wp-json\/wp\/v2\/types\/post"}],"author":[{"embeddable":true,"href":"https:\/\/www.europesays.com\/pt\/wp-json\/wp\/v2\/users\/2"}],"replies":[{"embeddable":true,"href":"https:\/\/www.europesays.com\/pt\/wp-json\/wp\/v2\/comments?post=116942"}],"version-history":[{"count":0,"href":"https:\/\/www.europesays.com\/pt\/wp-json\/wp\/v2\/posts\/116942\/revisions"}],"wp:featuredmedia":[{"embeddable":true,"href":"https:\/\/www.europesays.com\/pt\/wp-json\/wp\/v2\/media\/116943"}],"wp:attachment":[{"href":"https:\/\/www.europesays.com\/pt\/wp-json\/wp\/v2\/media?parent=116942"}],"wp:term":[{"taxonomy":"category","embeddable":true,"href":"https:\/\/www.europesays.com\/pt\/wp-json\/wp\/v2\/categories?post=116942"},{"taxonomy":"post_tag","embeddable":true,"href":"https:\/\/www.europesays.com\/pt\/wp-json\/wp\/v2\/tags?post=116942"}],"curies":[{"name":"wp","href":"https:\/\/api.w.org\/{rel}","templated":true}]}}