{"id":116944,"date":"2025-10-19T07:22:14","date_gmt":"2025-10-19T07:22:14","guid":{"rendered":"https:\/\/www.europesays.com\/pt\/116944\/"},"modified":"2025-10-19T07:22:14","modified_gmt":"2025-10-19T07:22:14","slug":"confira-as-ultimas-atualizacoes-do-caso-madeleine-mccann","status":"publish","type":"post","link":"https:\/\/www.europesays.com\/pt\/116944\/","title":{"rendered":"Confira as \u00faltimas atualiza\u00e7\u00f5es do caso Madeleine McCann"},"content":{"rendered":"<p>Um dos casos criminais mais comentados das \u00faltimas d\u00e9cadas, o desaparecimento de <strong>Madeleine McCann<\/strong> se deu no dia 3 de maio de 2007, quando ela tinha apenas tr\u00eas anos de idade, enquanto passava f\u00e9rias com os pais em um resort na Praia da Luz, no Algarve, em Portugal.<\/p>\n<p>At\u00e9 hoje, o destino da menina segue incerto \u2014 h\u00e1 quem acredite que ela est\u00e1 morta desde 2007; enquanto outros pensam que ela pode estar viva em algum lugar \u2014, e as investiga\u00e7\u00f5es continuam abertas em v\u00e1rios pa\u00edses.<\/p>\n<p>No \u00faltimo m\u00eas, o caso de <strong>Madeleine McCann<\/strong> teve mais um de seus v\u00e1rios cap\u00edtulos conclu\u00eddos, se relacionando principalmente \u00e0 polonesa <strong>Julia Wandelt<\/strong>, que vem sustentando h\u00e1 anos que acredita ser a pr\u00f3pria <strong>Madeleine<\/strong>. Confira a seguir as \u00faltimas atualiza\u00e7\u00f5es desse caso:<\/p>\n<p> <img loading=\"lazy\" decoding=\"async\" class=\"size-full wp-image-194906 img-fluid lazy\" alt=\"Madeleine McCann\" width=\"1280\" height=\"720\" src=\"https:\/\/www.europesays.com\/pt\/wp-content\/uploads\/2025\/10\/madeleine-everton.jpg\"\/>Madeleine McCann \u2013 Reprodu\u00e7\u00e3o  <\/p>\n<p>Um desenrolar recente curioso sobre o caso \u00e9 que <strong>Wandelt<\/strong> foi acusada de realizar crime de <a href=\"https:\/\/aventurasnahistoria.com.br\/noticias\/historia-hoje\/jovem-que-diz-ser-madeleine-mccann-e-acusada-de-stalking-contra-familia-de-menina-desaparecida.phtml\" rel=\"nofollow noopener\" target=\"_blank\">stalking<\/a>, perseguindo os pais e irm\u00e3os de Madeleine. Ela teria cometido o crime em conjunto com uma suposta c\u00famplice, <strong>Karen Spragg<\/strong>, entre junho de 2022 e fevereiro deste ano, com tentativas de estabelecer contato com <strong>Kate McCann<\/strong>, m\u00e3e de <strong>Madeleine<\/strong>, realizando at\u00e9 60 liga\u00e7\u00f5es em um \u00fanico dia; e at\u00e9 mesmo implorando para ser reconhecida como filha.<\/p>\n<p>Al\u00e9m disso, ela tamb\u00e9m \u00e9 acusada de ter enviado imagens \u00e0 irm\u00e3 mais nova de <strong>Madeleine<\/strong>, <strong>Amelie<\/strong>, tentando convenc\u00ea-la sobre um suposto parentesco; e ainda visitar \u00e0 resid\u00eancia da fam\u00edlia McCann em Leicestershire em pelo menos duas ocasi\u00f5es no ano passado, enviar v\u00e1rios e-mails e mensagens via WhatsApp e Instagram a eles.<\/p>\n<p>   <img loading=\"lazy\" decoding=\"async\" class=\"size-full wp-image-192541 img-fluid lazy\" alt=\"Julia Wandel j\u00e1 afirmou ser Madeleine McCann\" width=\"1280\" height=\"720\" src=\"https:\/\/www.europesays.com\/pt\/wp-content\/uploads\/2025\/10\/design-sem-nome-15.jpg\"\/>Julia Wandelt e Madeleine McCann \u2013 Reprodu\u00e7\u00e3o\/Youtube\/Dr Phil e Metropolitan Police <\/p>\n<p>Desde que <strong>Julia Wandelt<\/strong> alegou ser <strong>Madeleine McCann<\/strong>, v\u00e1rias evid\u00eancias discordam de tal suposi\u00e7\u00e3o. Inclusive, ela j\u00e1 se submeteu a an\u00e1lises de DNA, que j\u00e1 teriam descartado essa possibilidade. Os primeiros exames foram divulgados em abril de 2023, e mostraram que ela \u00e9 realmente de origem polonesa, com ascend\u00eancia lituana e romena; logo, sem qualquer rela\u00e7\u00e3o com os <strong>McCann<\/strong>.<\/p>\n<p>Ainda assim, ela seguiu insistindo em sua vers\u00e3o da hist\u00f3ria, alegando que novos testes comprovariam semelhan\u00e7as gen\u00e9ticas com <strong>Madeleine<\/strong>. Essa insist\u00eancia levou o caso de volta aos tribunais, e o promotor <strong>Michael Duck<\/strong>, em certo momento, refor\u00e7ou n\u00e3o haver d\u00favidas de que a polonesa n\u00e3o era Madeleine. Ao ser confrontada com as provas, ela questionou por que estavam fazendo isso com ela enquanto chorava, e at\u00e9 precisou ser retirada da sala por alguns instantes.<\/p>\n<p>No Tribunal da Coroa de Leicester, a irm\u00e3 de Madeleine, <strong>Amelie McCann<\/strong>, declarou que \u201csempre soube\u201d que <strong>Julia Wandelt<\/strong> realmente n\u00e3o era sua irm\u00e3. Ela mencionou ter recebido diversas mensagens em que a <a href=\"https:\/\/aventurasnahistoria.com.br\/noticias\/historia-hoje\/madeleine-mccann-polonesa-chora-ao-ouvir-do-tribunal-que-nao-e-garota-desaparecida.phtml\" rel=\"nofollow noopener\" target=\"_blank\">polonesa<\/a> afirmava ser Madeleine, descrevendo supostos \u201cflashbacks de inf\u00e2ncia\u201d, pedindo testes de DNA e mencionando lembran\u00e7as inventadas.<\/p>\n<blockquote>\n<p>Foi assustador e angustiante\u201d, disse Amelie em depoimento remoto. \u201c\u00c9 perturbador que ela esteja criando essas mem\u00f3rias mesmo n\u00e3o sendo <strong>Madeleine<\/strong>\u201c.<\/p>\n<\/blockquote>\n<p>Ela tamb\u00e9m contou ter recebido fotos alteradas digitalmente para se parecer com a garota desaparecida, e que as mensagens que recebia tinham um \u201ctom de desespero\u201d, se tornando t\u00e3o intensas que <strong>Amelie<\/strong> bloqueou a polonesa. \u201c<a href=\"https:\/\/aventurasnahistoria.com.br\/noticias\/historia-hoje\/irma-de-madeleine-mccann-sabia-que-polonesa-nao-era-sua-irma.phtml\" rel=\"nofollow noopener\" target=\"_blank\">Sempre soube que ela n\u00e3o era minha irm\u00e3<\/a>, ent\u00e3o n\u00e3o havia necessidade. Ela tentava brincar com minhas emo\u00e7\u00f5es\u201d, acrescentou <strong>Amelie<\/strong>.<\/p>\n<p>Al\u00e9m de <strong>Madeleine<\/strong>, vale mencionar que <strong>Wandelt<\/strong> j\u00e1 demonstrou um hist\u00f3rico conturbado em rela\u00e7\u00e3o a casos de crian\u00e7as desaparecidas. No passado, ela j\u00e1 disse ser outras meninas desaparecidas, argumentando ter perdido suas mem\u00f3rias de inf\u00e2ncia. Especialistas sugerem que ela pode ter algum tipo de transtorno dissociativo.<\/p>\n<p>Por isso, ap\u00f3s a mais recente an\u00e1lise gen\u00e9tica de <strong>Julia Wandelt<\/strong>, que apontou que ela tinha apenas 70% de seu <a href=\"https:\/\/aventurasnahistoria.com.br\/noticias\/historia-hoje\/teste-de-dna-encerra-capitulo-do-caso-madeleine-mccann.phtml\" rel=\"nofollow noopener\" target=\"_blank\">DNA<\/a> compat\u00edvel com Madeleine, o tribunal finalmente colocou um ponto final no cap\u00edtulo da garota desaparecida, relacionado \u00e0 polonesa. Ela definitivamente n\u00e3o \u00e9 <strong>Madeleine McCann<\/strong>.<\/p>\n<p>\t   <img loading=\"lazy\" decoding=\"async\" class=\"size-full wp-image-177947 img-fluid lazy\" alt=\"\" width=\"1280\" height=\"720\" src=\"https:\/\/www.europesays.com\/pt\/wp-content\/uploads\/2025\/10\/suspeito_madeleine.jpg\"\/>Fotografia oficial de Christian Brueckner \/ Divulga\u00e7\u00e3o\/Interpol <\/p>\n<p>Quanto ao respons\u00e1vel pelo desaparecimento de <strong>Madeleine<\/strong>, o principal suspeito foi <strong>Christian Brueckner<\/strong>, que recentemente foi libertado da pris\u00e3o. Por\u00e9m, declara\u00e7\u00f5es recentes do ex-ministro da Justi\u00e7a da B\u00e9lgica, <strong>Marc Verwilghen<\/strong>, indicam que a menina desapareceu somente tr\u00eas dias ap\u00f3s autoridades belgas emitirem um alerta em toda a Europa sobre uma poss\u00edvel a\u00e7\u00e3o de uma <a href=\"https:\/\/aventurasnahistoria.com.br\/noticias\/historia-hoje\/madeleine-mccann-ex-ministro-belga-diz-que-menina-teria-sido-encomendada-por-organizacao-criminosa.phtml\" rel=\"nofollow noopener\" target=\"_blank\">rede criminosa internacional<\/a> que planejava o sequestro de uma crian\u00e7a pequena.<\/p>\n<p>Vale mencionar que <strong>Verwilghen<\/strong> foi decisivo nas investiga\u00e7\u00f5es sobre o assassino em s\u00e9rie <strong>Marc Dutroux<\/strong>, e ele acredita que o caso de <strong>Madeleine<\/strong> pode ter rela\u00e7\u00e3o com alguma quadrilha de tr\u00e1fico de menores. \u201cNunca tive acesso aos arquivos de <strong>Madeleine McCann<\/strong>. Tudo o que posso dizer \u00e9 que, assim que soube do caso, tive um d\u00e9j\u00e0 vu \u2014 porque me lembrou imediatamente de <strong>Dutroux<\/strong>. Quando se analisa o caso, \u00e9 claro que \u00e9 poss\u00edvel que <strong>Madeleine<\/strong> tenha sido roubada por encomenda. O alerta enviado parece ter vindo da pol\u00edcia belga e deveria ter sido levado a s\u00e9rio\u201d, afirmou.<\/p>\n<p>\u201cA intelig\u00eancia sugere que uma rede de pedofilia na B\u00e9lgica fez uma encomenda de uma jovem tr\u00eas dias antes do sequestro de <strong>Madeleine McCann<\/strong>. Algu\u00e9m ligado a esse grupo viu <strong>Maddie<\/strong>, tirou uma foto dela e a enviou para a B\u00e9lgica. O comprador concordou que a garota era adequada e <strong>Maddie<\/strong> foi levada\u201d, complementou <strong>Verwilghen<\/strong>.<\/p>\n<p>        <a href=\"https:\/\/aventurasnahistoria.com.br\/noticias\/author\/eric-moreira\" rel=\"nofollow noopener\" target=\"_blank\">&#13;<br \/>\n          <img loading=\"lazy\" decoding=\"async\" alt=\"\u00c9ric Moreira\" src=\"https:\/\/www.europesays.com\/pt\/wp-content\/uploads\/2025\/09\/WhatsApp-Image-2021-09-24-at-18.30.11-150x150.jpeg\" class=\"avatar avatar-115 photo rounded-circle\" height=\"115\" width=\"115\"\/>        <\/a><\/p>\n<p>\u00c9ric Moreira \u00e9 jornalista, formado pelo Centro Universit\u00e1rio Belas Artes de S\u00e3o Paulo. Passa a maior parte do tempo vendo filmes e s\u00e9ries, interessado em jornalismo cultural e grande amante de Arte e Hist\u00f3ria.<\/p>\n","protected":false},"excerpt":{"rendered":"Um dos casos criminais mais comentados das \u00faltimas d\u00e9cadas, o desaparecimento de Madeleine McCann se deu no dia&hellip;\n","protected":false},"author":2,"featured_media":116945,"comment_status":"","ping_status":"","sticky":false,"template":"","format":"standard","meta":{"footnotes":""},"categories":[10],"tags":[27,28,3900,3471,15,16,14,1173,5607,25,26,19663,21,22,5640,62,12,13,19,20,32,23,24,33,17,18,299,29,30,31],"class_list":{"0":"post-116944","1":"post","2":"type-post","3":"status-publish","4":"format-standard","5":"has-post-thumbnail","7":"category-portugal","8":"tag-breaking-news","9":"tag-breakingnews","10":"tag-crimes","11":"tag-curiosidades","12":"tag-featured-news","13":"tag-featurednews","14":"tag-headlines","15":"tag-investigacao","16":"tag-julgamento","17":"tag-latest-news","18":"tag-latestnews","19":"tag-madeleine-mccann","20":"tag-main-news","21":"tag-mainnews","22":"tag-materias","23":"tag-mundo","24":"tag-news","25":"tag-noticias","26":"tag-noticias-principais","27":"tag-noticiasprincipais","28":"tag-portugal","29":"tag-principais-noticias","30":"tag-principaisnoticias","31":"tag-pt","32":"tag-top-stories","33":"tag-topstories","34":"tag-tribunal","35":"tag-ultimas","36":"tag-ultimas-noticias","37":"tag-ultimasnoticias"},"share_on_mastodon":{"url":"","error":""},"_links":{"self":[{"href":"https:\/\/www.europesays.com\/pt\/wp-json\/wp\/v2\/posts\/116944","targetHints":{"allow":["GET"]}}],"collection":[{"href":"https:\/\/www.europesays.com\/pt\/wp-json\/wp\/v2\/posts"}],"about":[{"href":"https:\/\/www.europesays.com\/pt\/wp-json\/wp\/v2\/types\/post"}],"author":[{"embeddable":true,"href":"https:\/\/www.europesays.com\/pt\/wp-json\/wp\/v2\/users\/2"}],"replies":[{"embeddable":true,"href":"https:\/\/www.europesays.com\/pt\/wp-json\/wp\/v2\/comments?post=116944"}],"version-history":[{"count":0,"href":"https:\/\/www.europesays.com\/pt\/wp-json\/wp\/v2\/posts\/116944\/revisions"}],"wp:featuredmedia":[{"embeddable":true,"href":"https:\/\/www.europesays.com\/pt\/wp-json\/wp\/v2\/media\/116945"}],"wp:attachment":[{"href":"https:\/\/www.europesays.com\/pt\/wp-json\/wp\/v2\/media?parent=116944"}],"wp:term":[{"taxonomy":"category","embeddable":true,"href":"https:\/\/www.europesays.com\/pt\/wp-json\/wp\/v2\/categories?post=116944"},{"taxonomy":"post_tag","embeddable":true,"href":"https:\/\/www.europesays.com\/pt\/wp-json\/wp\/v2\/tags?post=116944"}],"curies":[{"name":"wp","href":"https:\/\/api.w.org\/{rel}","templated":true}]}}